{"id":890,"date":"2021-10-05T09:26:12","date_gmt":"2021-10-05T07:26:12","guid":{"rendered":"http:\/\/niort-tt.fr\/?p=890"},"modified":"2021-12-20T11:00:51","modified_gmt":"2021-12-20T10:00:51","slug":"890","status":"publish","type":"post","link":"https:\/\/niort-tt.fr\/index.php\/890\/non-classe\/","title":{"rendered":""},"content":{"rendered":"<p><img decoding=\"async\" class=\"alignnone wp-image-529 aligncenter\" src=\"https:\/\/niort-tt.fr\/wp-content\/uploads\/2020\/09\/logo.png\" alt=\"\" width=\"167\" height=\"54\" srcset=\"https:\/\/niort-tt.fr\/wp-content\/uploads\/2020\/09\/logo.png 343w, https:\/\/niort-tt.fr\/wp-content\/uploads\/2020\/09\/logo-300x97.png 300w\" sizes=\"(max-width: 167px) 100vw, 167px\" \/><\/p>\n<p style=\"text-align: center;\">Publi\u00e9 le\u00a0<time class=\"ng-binding\" datetime=\"2021-10-01T06:25:00.000+0200\">01\/10\/2021<\/time><\/p>\n<h1 class=\"title_page ng-binding ng-scope\" style=\"text-align: center;\"><span style=\"font-size: 18pt;\">Le programme des \u00e9quipes deux-s\u00e9vriennes en nationale de ce week-end (2e journ\u00e9e)<\/span><\/h1>\n<p><img fetchpriority=\"high\" decoding=\"async\" class=\"aligncenter  wp-image-891\" src=\"https:\/\/niort-tt.fr\/wp-content\/uploads\/2021\/10\/Mathis-L.jpg\" alt=\"\" width=\"612\" height=\"344\" srcset=\"https:\/\/niort-tt.fr\/wp-content\/uploads\/2021\/10\/Mathis-L.jpg 1020w, https:\/\/niort-tt.fr\/wp-content\/uploads\/2021\/10\/Mathis-L-300x169.jpg 300w, https:\/\/niort-tt.fr\/wp-content\/uploads\/2021\/10\/Mathis-L-768x431.jpg 768w\" sizes=\"(max-width: 612px) 100vw, 612px\" \/><\/p>\n<p style=\"text-align: center;\">Premi\u00e8re r\u00e9ception de la saison pour Mathis Letourneur.<\/p>\n<p><span class=\"Origine ng-scope\"><strong>N1M. Niort TT\u00a0&#8211; Monaco AS, samedi\u00a017 h :<\/strong><br \/>\n<\/span><span class=\"ng-scope\">Apr\u00e8s sa d\u00e9faite logique mais honorable \u00e0 Romans (8-2), les Niortais poursuivent leurs travaux d\u2019Hercule \u00e0 la faveur de la r\u00e9ception de Monaco. Malgr\u00e9 son\u00a0effectif princier, le club de la principaut\u00e9\u00a0s\u2019est\u00a0fait surprendre lors de la premi\u00e8re journ\u00e9e par Cugnaux (8-6) et doit encore regretter le revers surprise de\u00a0Baubet (n\u00b0\u00a0230) contre Tisot (n\u00b0\u00a0489). Malgr\u00e9 ce faux pas, Monaco sera favori, surtout si les visiteurs se pr\u00e9sentent au\u00a0complet. Niort, pour sa premi\u00e8re \u00e0 domicile, pr\u00e9sentera\u00a0sa recrue argentine, Alexis Orencel Melnick (n\u00b0\u00a0250).\u00a0<\/span><br class=\"ng-scope\" \/><strong class=\"ng-scope\">&gt; Niort.\u00a0<\/strong><span class=\"ng-scope\">Alexis Orencel Melnick (n\u00b0\u00a0250, 2.451 pts), Alin Bobonete (n\u00b0\u00a0348, 2.355 pts), Blandin Nicolas (n\u00b0\u00a0577, 2.205 pts), Letourneur Mathis (1.699 pts).<\/span><br class=\"ng-scope\" \/><strong class=\"ng-scope\">&gt; Monaco.\u00a0<\/strong><span class=\"ng-scope\">Geminiani (n\u00b0 123, 2.688 pts), Peretti (n\u00b0 142, 2640), Monzo Montero Oriol (n\u00b0 173, 2.570 pts), Tiso (n\u00b0 489, 2.258 pts).<\/span><br class=\"ng-scope\" \/><span class=\"Origine ng-scope\">N3M. P\u00e9rign\u00e9 TT\u00a0&#8211; Vineuil Su\u00e8vres TT, samedi\u00a017 h :<br \/>\n<\/span><span class=\"ng-scope\">Impressionnants \u00e0 Noisy-le-Grand (8-1), les P\u00e9rignois ont \u00e0 la fois marqu\u00e9 les esprits dans la course \u00e0 la mont\u00e9e mais aussi \u00e9cart\u00e9\u00a0un candidat \u00e0 l\u2019accession. Dans cette rencontre ma\u00eetris\u00e9e, on retiendra la remarquable\u00a0performance de la jeune recrue du club, Nathan Doussinet, 13 ans. Et comme ses camarades ont \u00e9t\u00e9 au diapason, P\u00e9rign\u00e9 n\u2019a fait qu\u2019une bouch\u00e9e de son adversaire. Samedi, les Deux-S\u00e9vriens, au complet, re\u00e7oivent Vineuil Su\u00e8vres \u00e9cras\u00e9 par Olivet (8-0), l&rsquo;autre poids lourd\u00a0de la poule. Une victoire p\u00e9rignoise est attendue.<\/span><br class=\"ng-scope\" \/><strong class=\"ng-scope\">&gt; P\u00e9rign\u00e9.\u00a0<\/strong><span class=\"ng-scope\">Collet Lo\u00efc (n\u00b0\u00a0332, 2.374 pts), Noirault Antoine (2.060 pts, n\u00b0\u00a0886), Archambeau Damien (2.017 pts), Doussinet Nathan (1.736 pts).<\/span><br class=\"ng-scope\" \/><strong class=\"ng-scope\">&gt; Vineuil Su\u00e8vres.\u00a0<\/strong><span class=\"ng-scope\">Thomas (n\u00b0\u00a0894, 2.048 pts), Richard (1.868 pts), Dehu (1.852 pts), Guiet (1.771).<\/span><br class=\"ng-scope\" \/><span class=\"Origine ng-scope\"><strong>N3M. Niort TT (B) &#8211; \u00c9lancourt CTT, samedi\u00a017 h :<\/strong><br \/>\n<\/span><span class=\"ng-scope\">Balay\u00e9 8-0 par Bondoufle lors de la premi\u00e8re journ\u00e9e, Niort n\u2019aura pas la partie facile samedi contre la tr\u00e8s solide formation d\u2019Elancourt, victorieuse de sa premi\u00e8re rencontre contre Royan 8-4, apr\u00e8s avoir \u00e9t\u00e9 men\u00e9 4-3. Au regard des forces en pr\u00e9sence, les chances niortaises semblent extr\u00eamement minces, m\u00eame si la recrue\u00a0Carlos Sanchez Espinoza (n\u00b0\u00a0650) devrait \u00eatre align\u00e9e c\u00f4t\u00e9 deux-s\u00e9vrien. Pour son premier match, le Cubain avait perdu ses deux simples, dont un de tr\u00e8s peu contre Servais-Laval (n\u00b0\u00a0427).\u00a0<\/span><br class=\"ng-scope\" \/><strong class=\"ng-scope\">&gt; Niort.<\/strong><span class=\"ng-scope\">\u00a0Sanchez Espinoza Carlos (n\u00b0\u00a0650, 2.164 pts), Baribaud Yoann (Niort, 1.734 pts), Barcq Alice (1.410 pts), Chaillou Erwan (1.336 pts).<\/span><br class=\"ng-scope\" \/><strong class=\"ng-scope\">&gt; \u00c9lancourt.\u00a0<\/strong><span class=\"ng-scope\">Gourgand (n\u00b0\u00a0275, 2.420 pts), Ramon (n\u00b0\u00a0604, 2.190 pts), Bernard (n\u00b0\u00a0791, 2.131 pts), Dubrac (1.912 pts).<\/span><\/p>\n<p>&nbsp;<\/p>\n","protected":false},"excerpt":{"rendered":"<p>Publi\u00e9 le\u00a001\/10\/2021 Le programme des \u00e9quipes deux-s\u00e9vriennes en nationale de ce week-end (2e journ\u00e9e) Premi\u00e8re r\u00e9ception de la saison pour Mathis Letourneur. N1M. Niort TT\u00a0&#8211; Monaco AS, samedi\u00a017 h : Apr\u00e8s sa d\u00e9faite logique mais honorable \u00e0 Romans (8-2), les Niortais poursuivent leurs travaux d\u2019Hercule \u00e0 la faveur de la r\u00e9ception de Monaco. Malgr\u00e9 son\u00a0effectif [&hellip;]<\/p>\n","protected":false},"author":1,"featured_media":0,"comment_status":"closed","ping_status":"closed","sticky":true,"template":"","format":"standard","meta":{"_uag_custom_page_level_css":"","site-sidebar-layout":"default","site-content-layout":"","ast-site-content-layout":"default","site-content-style":"default","site-sidebar-style":"default","ast-global-header-display":"","ast-banner-title-visibility":"","ast-main-header-display":"","ast-hfb-above-header-display":"","ast-hfb-below-header-display":"","ast-hfb-mobile-header-display":"","site-post-title":"","ast-breadcrumbs-content":"","ast-featured-img":"","footer-sml-layout":"","ast-disable-related-posts":"","theme-transparent-header-meta":"","adv-header-id-meta":"","stick-header-meta":"","header-above-stick-meta":"","header-main-stick-meta":"","header-below-stick-meta":"","astra-migrate-meta-layouts":"default","ast-page-background-enabled":"default","ast-page-background-meta":{"desktop":{"background-color":"var(--ast-global-color-5)","background-image":"","background-repeat":"repeat","background-position":"center center","background-size":"auto","background-attachment":"scroll","background-type":"","background-media":"","overlay-type":"","overlay-color":"","overlay-opacity":"","overlay-gradient":""},"tablet":{"background-color":"","background-image":"","background-repeat":"repeat","background-position":"center center","background-size":"auto","background-attachment":"scroll","background-type":"","background-media":"","overlay-type":"","overlay-color":"","overlay-opacity":"","overlay-gradient":""},"mobile":{"background-color":"","background-image":"","background-repeat":"repeat","background-position":"center center","background-size":"auto","background-attachment":"scroll","background-type":"","background-media":"","overlay-type":"","overlay-color":"","overlay-opacity":"","overlay-gradient":""}},"ast-content-background-meta":{"desktop":{"background-color":"var(--ast-global-color-4)","background-image":"","background-repeat":"repeat","background-position":"center center","background-size":"auto","background-attachment":"scroll","background-type":"","background-media":"","overlay-type":"","overlay-color":"","overlay-opacity":"","overlay-gradient":""},"tablet":{"background-color":"var(--ast-global-color-4)","background-image":"","background-repeat":"repeat","background-position":"center center","background-size":"auto","background-attachment":"scroll","background-type":"","background-media":"","overlay-type":"","overlay-color":"","overlay-opacity":"","overlay-gradient":""},"mobile":{"background-color":"var(--ast-global-color-4)","background-image":"","background-repeat":"repeat","background-position":"center center","background-size":"auto","background-attachment":"scroll","background-type":"","background-media":"","overlay-type":"","overlay-color":"","overlay-opacity":"","overlay-gradient":""}},"_themeisle_gutenberg_block_has_review":false,"footnotes":""},"categories":[1],"tags":[],"class_list":["post-890","post","type-post","status-publish","format-standard","hentry","category-non-classe"],"uagb_featured_image_src":{"full":false,"thumbnail":false,"medium":false,"medium_large":false,"large":false,"1536x1536":false,"2048x2048":false},"uagb_author_info":{"display_name":"anthony.couraud","author_link":"https:\/\/niort-tt.fr\/index.php\/author\/anthony-couraud\/"},"uagb_comment_info":0,"uagb_excerpt":"Publi\u00e9 le\u00a001\/10\/2021 Le programme des \u00e9quipes deux-s\u00e9vriennes en nationale de ce week-end (2e journ\u00e9e) Premi\u00e8re r\u00e9ception de la saison pour Mathis Letourneur. N1M. Niort TT\u00a0&#8211; Monaco AS, samedi\u00a017 h : Apr\u00e8s sa d\u00e9faite logique mais honorable \u00e0 Romans (8-2), les Niortais poursuivent leurs travaux d\u2019Hercule \u00e0 la faveur de la r\u00e9ception de Monaco. Malgr\u00e9 son\u00a0effectif\u2026","_links":{"self":[{"href":"https:\/\/niort-tt.fr\/index.php\/wp-json\/wp\/v2\/posts\/890","targetHints":{"allow":["GET"]}}],"collection":[{"href":"https:\/\/niort-tt.fr\/index.php\/wp-json\/wp\/v2\/posts"}],"about":[{"href":"https:\/\/niort-tt.fr\/index.php\/wp-json\/wp\/v2\/types\/post"}],"author":[{"embeddable":true,"href":"https:\/\/niort-tt.fr\/index.php\/wp-json\/wp\/v2\/users\/1"}],"replies":[{"embeddable":true,"href":"https:\/\/niort-tt.fr\/index.php\/wp-json\/wp\/v2\/comments?post=890"}],"version-history":[{"count":1,"href":"https:\/\/niort-tt.fr\/index.php\/wp-json\/wp\/v2\/posts\/890\/revisions"}],"predecessor-version":[{"id":892,"href":"https:\/\/niort-tt.fr\/index.php\/wp-json\/wp\/v2\/posts\/890\/revisions\/892"}],"wp:attachment":[{"href":"https:\/\/niort-tt.fr\/index.php\/wp-json\/wp\/v2\/media?parent=890"}],"wp:term":[{"taxonomy":"category","embeddable":true,"href":"https:\/\/niort-tt.fr\/index.php\/wp-json\/wp\/v2\/categories?post=890"},{"taxonomy":"post_tag","embeddable":true,"href":"https:\/\/niort-tt.fr\/index.php\/wp-json\/wp\/v2\/tags?post=890"}],"curies":[{"name":"wp","href":"https:\/\/api.w.org\/{rel}","templated":true}]}}