{"id":884,"date":"2021-10-05T09:12:20","date_gmt":"2021-10-05T07:12:20","guid":{"rendered":"http:\/\/niort-tt.fr\/?p=884"},"modified":"2021-10-05T09:12:20","modified_gmt":"2021-10-05T07:12:20","slug":"884","status":"publish","type":"post","link":"https:\/\/niort-tt.fr\/index.php\/884\/non-classe\/","title":{"rendered":""},"content":{"rendered":"<p><img decoding=\"async\" class=\"alignnone wp-image-529 aligncenter\" src=\"https:\/\/niort-tt.fr\/wp-content\/uploads\/2020\/09\/logo.png\" alt=\"\" width=\"167\" height=\"54\" srcset=\"https:\/\/niort-tt.fr\/wp-content\/uploads\/2020\/09\/logo.png 343w, https:\/\/niort-tt.fr\/wp-content\/uploads\/2020\/09\/logo-300x97.png 300w\" sizes=\"(max-width: 167px) 100vw, 167px\" \/><\/p>\n<h1 class=\"title_page ng-binding ng-scope\" style=\"text-align: center;\"><span style=\"font-size: 18pt;\">Au Niort TT en Nationale 1, puiser pour compenser la fuite<\/span><\/h1>\n<p><img fetchpriority=\"high\" decoding=\"async\" class=\"aligncenter  wp-image-885\" src=\"https:\/\/niort-tt.fr\/wp-content\/uploads\/2021\/10\/Allin-B.jpg\" alt=\"\" width=\"557\" height=\"313\" srcset=\"https:\/\/niort-tt.fr\/wp-content\/uploads\/2021\/10\/Allin-B.jpg 1020w, https:\/\/niort-tt.fr\/wp-content\/uploads\/2021\/10\/Allin-B-300x169.jpg 300w, https:\/\/niort-tt.fr\/wp-content\/uploads\/2021\/10\/Allin-B-768x431.jpg 768w\" sizes=\"(max-width: 557px) 100vw, 557px\" \/><\/p>\n<p style=\"text-align: center;\">Le Niortais Alin Bobonete est le seul joueur de l\u2019effectif \u00e0 conna\u00eetre le niveau de la N1.<\/p>\n<div class=\"chapo-wrapper ng-scope\">\n<div class=\"wysiwyg\">\n<div class=\"rubedo-field-inner\">\n<div class=\"ng-scope\">\n<div class=\"ng-scope\">\n<div class=\"ng-scope\">\n<div class=\"chapo ng-scope\">\n<p class=\"ng-binding ng-scope\"><strong>Saign\u00e9 par le d\u00e9part de ses meilleurs \u00e9l\u00e9ments depuis deux saisons, le Niort TT s\u2019attend \u00e0 souffrir en N1. Le maintien \u00e0 cet \u00e9chelon semble inaccessible.<\/strong><\/p>\n<\/div>\n<\/div>\n<\/div>\n<\/div>\n<\/div>\n<\/div>\n<\/div>\n<div>\n<div class=\"wysiwyg paywall clearfix\">\n<div class=\"rubedo-field-inner\">\n<div class=\"ng-scope\">\n<div class=\"ng-scope\">\n<div class=\"wrapper-rubedo-field ng-scope\">\n<div class=\"rubedo-field-inner\">\n<div class=\"ng-scope\">\n<div class=\"ng-scope\">\n<div class=\"ng-scope\">Comment le Niort TT va-t-il rebondir\u00a0apr\u00e8s avoir perdu sept joueurs de son \u00e9quipe premi\u00e8re en deux saisons\u00a0? En 2020, Soulard (n\u00b0\u00a0207 fran\u00e7ais), Renaudon (n\u00b0\u00a0184), Gu\u00e9ry (n\u00b0\u00a0293) et Giret (n\u00b0\u00a0331) \u00e9taient partis apr\u00e8s avoir d\u00e9croch\u00e9 dix maintiens de suite en N1. En 2021, Doyen (n\u00b0\u00a0161), Bikindou (n\u00b0\u00a0356) et Golab (n\u00b0\u00a0503) ont pr\u00e9f\u00e9r\u00e9 \u00e0 leur tour poursuivre leur aventure pongiste ailleurs. Dans cette fuite de talents, plus de la moiti\u00e9 a \u00e9t\u00e9 form\u00e9e au club.<br \/>\n<strong><span class=\"Relance\">\u00ab\u00a0La dynamique est bonne\u00a0\u00bb<\/span><\/strong><\/div>\n<div class=\"ng-scope\">Autant dire que la recrue estivale\u00a0Alexis Orencel (n\u00b0\u00a0250) ne pourra combler \u00e0 elle seule tous les manques de l\u2019effectif. Son profil est pourtant fort int\u00e9ressant. Propos\u00e9 par Salvador Uribe, le coach de Moretz (Pro A), Orencel est un international argentin\u00a0de 20 ans.\u00a0<em>\u00ab\u00a0Il s\u2019entra\u00eene \u00e0 Porto\u00a0avec quelques-uns des meilleurs joueurs d\u2019Europe,<\/em>\u00a0explique Alin Bobonete, joueur et coach de l\u2019\u00e9quipe<em>. Il a une exp\u00e9rience internationale puisqu\u2019il a disput\u00e9 des opens junior pour son pays.\u00a0Il disputera aussi le championnat d\u2019Espagne mais jouera pour nous en priorit\u00e9.\u00a0\u00bb<\/em>\u00a0Carlos Sanchez (n\u00b0\u00a0650, Cuba), la seconde recrue, ne pourra pas jouer quand Orencel sera align\u00e9 puisque le r\u00e8glement n\u2019autorise la pr\u00e9sence que d\u2019un seul joueur mut\u00e9 par \u00e9quipe et par\u00a0phase. Il\u00a0faudra donc attendre janvier pour voir les deux align\u00e9s ensemble.<br \/>\nEn attendant, c\u2019est Mathis Letourneur (16) et\u00a0Nicolas\u00a0Blandin (n\u00b0\u00a0577) qui compl\u00e9teront l\u2019effectif. Le premier, form\u00e9 au club et promu de l\u2019\u00e9quipe r\u00e9serve, risque de souffrir de la diff\u00e9rence de niveau. Le second aura l\u2019occasion de briller, lui qui est arriv\u00e9 au club il y a un an.\u00a0<em>\u00ab\u00a0Le maintien sera tr\u00e8s difficile \u00e0 obtenir,<\/em>\u00a0reconna\u00eet le co-pr\u00e9sident Yoann Baribaud.\u00a0<em>Avec la pand\u00e9mie, on ne sait pas si le niveau N1 a boug\u00e9 ou si les clubs ont pu conserver leurs effectifs, notamment les joueurs\u00a0\u00e9trangers. On en saura plus apr\u00e8s la premi\u00e8re journ\u00e9e.\u00a0\u00bb\u00a0<\/em>Pour l\u2019ouverture du bal, les Niortais se d\u00e9placent ce samedi \u00e0 Romans, une formation qui\u00a0a \u00e9chou\u00e9 aux barrages d\u2019accession \u00e0 la Pro B en juin dernier.<br \/>\nAutant dire que c\u2019est une montagne qui se dresse. L\u2019an dernier, Romans\u00a0s\u2019appuyait sur deux Grecs, Giorgos (n\u00b0\u00a0140) et Kostantinos Kostantinopoulos (n\u00b0\u00a0111). Font-ils encore partie de l\u2019effectif dr\u00f4mois\u00a0? R\u00e9ponse ce samedi.\u00a0En attendant une descente en N2 qui parait promise, le pr\u00e9sident et son \u00e9quipe gardent le moral\u00a0:\u00a0<em>\u00ab\u00a0On a fait une bonne rentr\u00e9e avec de nombreuses inscriptions de jeunes. Est-ce l\u2019effet J.O ou les actions de promotions de nos \u00e9ducateurs cet \u00e9t\u00e9\u00a0? Toujours est-il que la dynamique est bonne.\u00a0Le club\u00a0repart d\u2019une feuille blanche. On va se concentrer sur la formation, essayer de recruter local et r\u00e9engager\u00a0une \u00e9quipe f\u00e9minine en N3 pour la saison prochaine.\u00a0\u00bb<\/em><br \/>\n<span class=\"Note\"><strong>Arriv\u00e9es\u00a0:\u00a0<\/strong>Alexis Orencel (n\u00b0\u00a0250, Argentine), Carlos Sanchez (n\u00b0\u00a0650, Cuba).\u00a0<strong>D\u00e9parts\u00a0:<\/strong>\u00a0Antoine Doyen (n\u00b0\u00a0161 fran\u00e7ais, US Vern), Thomas Bikindou (n\u00b0\u00a0356, Montfort), Mathias Golab (n\u00b0\u00a0503, La Romagne).\u00a0<strong>Effectif\u00a0:\u00a0<\/strong>Alexis Orencel (n\u00b0\u00a0250), Alin Bobonete (n\u00b0\u00a0348), Nicolas\u00a0Blandin (n\u00b0\u00a0577), Mathis Letourneur (16).\u00a0<span class=\"Memo\">ASPTT Romans\u00a0&#8211; Niort TT, samedi \u00e0 17\u00a0h.\u00a0<strong>&gt;\u00a0Niort\u00a0:\u00a0<\/strong>Orencel (n\u00b0\u00a0250), Bobonete (n\u00b0\u00a0348), Blandin (n\u00b0\u00a0577), Letourneur (16).\u00a0<\/span><\/span><\/div>\n<\/div>\n<\/div>\n<\/div>\n<\/div>\n<\/div>\n<\/div>\n<\/div>\n<\/div>\n<\/div>\n","protected":false},"excerpt":{"rendered":"<p>Au Niort TT en Nationale 1, puiser pour compenser la fuite Le Niortais Alin Bobonete est le seul joueur de l\u2019effectif \u00e0 conna\u00eetre le niveau de la N1. Saign\u00e9 par le d\u00e9part de ses meilleurs \u00e9l\u00e9ments depuis deux saisons, le Niort TT s\u2019attend \u00e0 souffrir en N1. Le maintien \u00e0 cet \u00e9chelon semble inaccessible. Comment [&hellip;]<\/p>\n","protected":false},"author":1,"featured_media":0,"comment_status":"closed","ping_status":"closed","sticky":true,"template":"","format":"standard","meta":{"_uag_custom_page_level_css":"","site-sidebar-layout":"default","site-content-layout":"","ast-site-content-layout":"default","site-content-style":"default","site-sidebar-style":"default","ast-global-header-display":"","ast-banner-title-visibility":"","ast-main-header-display":"","ast-hfb-above-header-display":"","ast-hfb-below-header-display":"","ast-hfb-mobile-header-display":"","site-post-title":"","ast-breadcrumbs-content":"","ast-featured-img":"","footer-sml-layout":"","ast-disable-related-posts":"","theme-transparent-header-meta":"","adv-header-id-meta":"","stick-header-meta":"","header-above-stick-meta":"","header-main-stick-meta":"","header-below-stick-meta":"","astra-migrate-meta-layouts":"default","ast-page-background-enabled":"default","ast-page-background-meta":{"desktop":{"background-color":"var(--ast-global-color-5)","background-image":"","background-repeat":"repeat","background-position":"center center","background-size":"auto","background-attachment":"scroll","background-type":"","background-media":"","overlay-type":"","overlay-color":"","overlay-opacity":"","overlay-gradient":""},"tablet":{"background-color":"","background-image":"","background-repeat":"repeat","background-position":"center center","background-size":"auto","background-attachment":"scroll","background-type":"","background-media":"","overlay-type":"","overlay-color":"","overlay-opacity":"","overlay-gradient":""},"mobile":{"background-color":"","background-image":"","background-repeat":"repeat","background-position":"center center","background-size":"auto","background-attachment":"scroll","background-type":"","background-media":"","overlay-type":"","overlay-color":"","overlay-opacity":"","overlay-gradient":""}},"ast-content-background-meta":{"desktop":{"background-color":"var(--ast-global-color-4)","background-image":"","background-repeat":"repeat","background-position":"center center","background-size":"auto","background-attachment":"scroll","background-type":"","background-media":"","overlay-type":"","overlay-color":"","overlay-opacity":"","overlay-gradient":""},"tablet":{"background-color":"var(--ast-global-color-4)","background-image":"","background-repeat":"repeat","background-position":"center center","background-size":"auto","background-attachment":"scroll","background-type":"","background-media":"","overlay-type":"","overlay-color":"","overlay-opacity":"","overlay-gradient":""},"mobile":{"background-color":"var(--ast-global-color-4)","background-image":"","background-repeat":"repeat","background-position":"center center","background-size":"auto","background-attachment":"scroll","background-type":"","background-media":"","overlay-type":"","overlay-color":"","overlay-opacity":"","overlay-gradient":""}},"_themeisle_gutenberg_block_has_review":false,"footnotes":""},"categories":[1],"tags":[],"class_list":["post-884","post","type-post","status-publish","format-standard","hentry","category-non-classe"],"uagb_featured_image_src":{"full":false,"thumbnail":false,"medium":false,"medium_large":false,"large":false,"1536x1536":false,"2048x2048":false},"uagb_author_info":{"display_name":"anthony.couraud","author_link":"https:\/\/niort-tt.fr\/index.php\/author\/anthony-couraud\/"},"uagb_comment_info":0,"uagb_excerpt":"Au Niort TT en Nationale 1, puiser pour compenser la fuite Le Niortais Alin Bobonete est le seul joueur de l\u2019effectif \u00e0 conna\u00eetre le niveau de la N1. Saign\u00e9 par le d\u00e9part de ses meilleurs \u00e9l\u00e9ments depuis deux saisons, le Niort TT s\u2019attend \u00e0 souffrir en N1. Le maintien \u00e0 cet \u00e9chelon semble inaccessible. Comment\u2026","_links":{"self":[{"href":"https:\/\/niort-tt.fr\/index.php\/wp-json\/wp\/v2\/posts\/884","targetHints":{"allow":["GET"]}}],"collection":[{"href":"https:\/\/niort-tt.fr\/index.php\/wp-json\/wp\/v2\/posts"}],"about":[{"href":"https:\/\/niort-tt.fr\/index.php\/wp-json\/wp\/v2\/types\/post"}],"author":[{"embeddable":true,"href":"https:\/\/niort-tt.fr\/index.php\/wp-json\/wp\/v2\/users\/1"}],"replies":[{"embeddable":true,"href":"https:\/\/niort-tt.fr\/index.php\/wp-json\/wp\/v2\/comments?post=884"}],"version-history":[{"count":1,"href":"https:\/\/niort-tt.fr\/index.php\/wp-json\/wp\/v2\/posts\/884\/revisions"}],"predecessor-version":[{"id":886,"href":"https:\/\/niort-tt.fr\/index.php\/wp-json\/wp\/v2\/posts\/884\/revisions\/886"}],"wp:attachment":[{"href":"https:\/\/niort-tt.fr\/index.php\/wp-json\/wp\/v2\/media?parent=884"}],"wp:term":[{"taxonomy":"category","embeddable":true,"href":"https:\/\/niort-tt.fr\/index.php\/wp-json\/wp\/v2\/categories?post=884"},{"taxonomy":"post_tag","embeddable":true,"href":"https:\/\/niort-tt.fr\/index.php\/wp-json\/wp\/v2\/tags?post=884"}],"curies":[{"name":"wp","href":"https:\/\/api.w.org\/{rel}","templated":true}]}}