{"id":881,"date":"2021-10-05T09:03:47","date_gmt":"2021-10-05T07:03:47","guid":{"rendered":"http:\/\/niort-tt.fr\/?p=881"},"modified":"2021-10-05T09:03:47","modified_gmt":"2021-10-05T07:03:47","slug":"881","status":"publish","type":"post","link":"https:\/\/niort-tt.fr\/index.php\/881\/non-classe\/","title":{"rendered":""},"content":{"rendered":"<p><img decoding=\"async\" class=\"alignnone wp-image-529 aligncenter\" src=\"https:\/\/niort-tt.fr\/wp-content\/uploads\/2020\/09\/logo.png\" alt=\"\" width=\"167\" height=\"54\" srcset=\"https:\/\/niort-tt.fr\/wp-content\/uploads\/2020\/09\/logo.png 343w, https:\/\/niort-tt.fr\/wp-content\/uploads\/2020\/09\/logo-300x97.png 300w\" sizes=\"(max-width: 167px) 100vw, 167px\" \/><\/p>\n<h1 class=\"title_page ng-binding ng-scope\" style=\"text-align: center;\"><span style=\"font-size: 18pt;\">La r\u00e9serve du Niort TT&#8230; <\/span><\/h1>\n<h1 class=\"title_page ng-binding ng-scope\" style=\"text-align: center;\"><span style=\"font-size: 18pt;\">sur la r\u00e9serve pour cette saison de Nationale 3<\/span><\/h1>\n<p><img fetchpriority=\"high\" decoding=\"async\" class=\"aligncenter  wp-image-882\" src=\"https:\/\/niort-tt.fr\/wp-content\/uploads\/2021\/10\/Alice-B.jpg\" alt=\"\" width=\"571\" height=\"321\" srcset=\"https:\/\/niort-tt.fr\/wp-content\/uploads\/2021\/10\/Alice-B.jpg 1020w, https:\/\/niort-tt.fr\/wp-content\/uploads\/2021\/10\/Alice-B-300x169.jpg 300w, https:\/\/niort-tt.fr\/wp-content\/uploads\/2021\/10\/Alice-B-768x431.jpg 768w\" sizes=\"(max-width: 571px) 100vw, 571px\" \/><\/p>\n<p style=\"text-align: center;\">Alice Barcq va d\u00e9couvrir la N3 messieurs cette saison.<\/p>\n<p>Une recrue cubaine, un s\u00e9nior et deux juniors, dont une f\u00e9minine. Telle sera la composition de la r\u00e9serve du Niort TT qui prendra la ligne de d\u00e9part du championnat de N3 samedi. <em>\u00ab\u00a0On aura une \u00e9quipe hybride\u00a0\u00bb<\/em>, sourit Alin Bobonete, l\u2019un des entra\u00eeneurs du club, conscient que la saison sera difficile.\u00a0<em>\u00ab\u00a0On va tenter de jouer le maintien, mais on sait que ce sera tr\u00e8s difficile\u00a0\u00bb<\/em>, ajoute le copr\u00e9sident Yoann Baribaud, aussi membre de cette formation.<br \/>\nLe pessimisme ambiant s\u2019explique pour deux raisons. \u00c0 l\u2019origine, il y a le d\u00e9part de trois joueurs de l\u2019\u00e9quipe premi\u00e8re en N1 (Bikindou, Doyen et Golab) qui oblige le club \u00e0 puiser dans ses r\u00e9serves\u00a0pour composer ses \u00e9quipes. Ainsi, les r\u00e9servistes de la N3\u00a0Mathis Letourneur (16) et Nicolas Blandin (n\u00b0\u00a0577) seront align\u00e9s en N1. Pas simple. \u00c0 ces promotions s\u2019ajoute\u00a0le retrait temporaire de deux piliers de l\u2019\u00e9quipe\u00a0: Anthony Couraud (18), futur papa, et\u00a0Nadine Brunstein (18, n\u00b0\u00a0126).<em>\u00a0\u00ab\u00a0On esp\u00e8re qu\u2019Anthony puisse quand m\u00eame disputer une ou deux rencontres\u00a0\u00bb<\/em>, pr\u00e9cise Yoann Baribaud.<br \/>\nLe club a donc fait le choix de proposer la N3 aux juniors Alice Barcq (14) et Erwan Chaillou (13), qui ont accept\u00e9.\u00a0<em>\u00ab\u00a0On fait confiance aux jeunes,<\/em>\u00a0explique Alin Bobonete.\u00a0<em>Alice\u00a0a de l\u2019exp\u00e9rience de la nationale en \u00e9quipe f\u00e9minine, mais elle s\u2019entra\u00eene moins qu\u2019avant. Comme Alice, Erwan Chaillou est sorti de la section sportive. Il est au lyc\u00e9e et s\u2019entra\u00eene moins, mais il joue bien en ce moment.\u00a0\u00bb<\/em><br \/>\nPour leur premi\u00e8re\u00a0rencontre, les Niortais se d\u00e9placeront samedi \u00e0 Bondoufle, une formation de r\u00e9gion parisienne dont on ne se sait pas grand- chose. Seule certitude, tous les regards seront tourn\u00e9s vers\u00a0Carlos Sanchez Espinoza (n\u00b0\u00a0650), la recrue niortaise, qui vivra, \u00e0 21 ans, sa premi\u00e8re exp\u00e9rience \u00e0 l\u2019\u00e9tranger. Loin de son Cuba natal.<br \/>\n<span class=\"Note\"><strong>D\u00e9parts\u00a0:<\/strong>\u00a0Antoine Sabiron (16, d\u00e9part en Espagne pour les \u00e9tudes).\u00a0\u00a0<strong>Effectif\u00a0:\u00a0<\/strong>Carlos Sanchez Espinoza (n\u00b0\u00a0650), Yoann Baribaud (17), Alice Barcq (14), Erwan Chaillou (13). Rempla\u00e7ant\u00a0: Anthony Couraud (18).\u00a0<span class=\"Memo\">Bondoufle\u00a0&#8211; Niort TT (B), samedi \u00e0 17\u00a0h.\u00a0<strong>&gt;\u00a0Niort\u00a0:\u00a0<\/strong>Sanchez Espinoza (n\u00b0\u00a0650), Baribaud (17), Barcq (14), Chaillou (13).<\/span><\/span><\/p>\n","protected":false},"excerpt":{"rendered":"<p>La r\u00e9serve du Niort TT&#8230; sur la r\u00e9serve pour cette saison de Nationale 3 Alice Barcq va d\u00e9couvrir la N3 messieurs cette saison. Une recrue cubaine, un s\u00e9nior et deux juniors, dont une f\u00e9minine. Telle sera la composition de la r\u00e9serve du Niort TT qui prendra la ligne de d\u00e9part du championnat de N3 samedi. [&hellip;]<\/p>\n","protected":false},"author":1,"featured_media":0,"comment_status":"closed","ping_status":"closed","sticky":true,"template":"","format":"standard","meta":{"_uag_custom_page_level_css":"","site-sidebar-layout":"default","site-content-layout":"","ast-site-content-layout":"default","site-content-style":"default","site-sidebar-style":"default","ast-global-header-display":"","ast-banner-title-visibility":"","ast-main-header-display":"","ast-hfb-above-header-display":"","ast-hfb-below-header-display":"","ast-hfb-mobile-header-display":"","site-post-title":"","ast-breadcrumbs-content":"","ast-featured-img":"","footer-sml-layout":"","ast-disable-related-posts":"","theme-transparent-header-meta":"","adv-header-id-meta":"","stick-header-meta":"","header-above-stick-meta":"","header-main-stick-meta":"","header-below-stick-meta":"","astra-migrate-meta-layouts":"default","ast-page-background-enabled":"default","ast-page-background-meta":{"desktop":{"background-color":"var(--ast-global-color-5)","background-image":"","background-repeat":"repeat","background-position":"center center","background-size":"auto","background-attachment":"scroll","background-type":"","background-media":"","overlay-type":"","overlay-color":"","overlay-opacity":"","overlay-gradient":""},"tablet":{"background-color":"","background-image":"","background-repeat":"repeat","background-position":"center center","background-size":"auto","background-attachment":"scroll","background-type":"","background-media":"","overlay-type":"","overlay-color":"","overlay-opacity":"","overlay-gradient":""},"mobile":{"background-color":"","background-image":"","background-repeat":"repeat","background-position":"center center","background-size":"auto","background-attachment":"scroll","background-type":"","background-media":"","overlay-type":"","overlay-color":"","overlay-opacity":"","overlay-gradient":""}},"ast-content-background-meta":{"desktop":{"background-color":"var(--ast-global-color-4)","background-image":"","background-repeat":"repeat","background-position":"center center","background-size":"auto","background-attachment":"scroll","background-type":"","background-media":"","overlay-type":"","overlay-color":"","overlay-opacity":"","overlay-gradient":""},"tablet":{"background-color":"var(--ast-global-color-4)","background-image":"","background-repeat":"repeat","background-position":"center center","background-size":"auto","background-attachment":"scroll","background-type":"","background-media":"","overlay-type":"","overlay-color":"","overlay-opacity":"","overlay-gradient":""},"mobile":{"background-color":"var(--ast-global-color-4)","background-image":"","background-repeat":"repeat","background-position":"center center","background-size":"auto","background-attachment":"scroll","background-type":"","background-media":"","overlay-type":"","overlay-color":"","overlay-opacity":"","overlay-gradient":""}},"_themeisle_gutenberg_block_has_review":false,"footnotes":""},"categories":[1],"tags":[],"class_list":["post-881","post","type-post","status-publish","format-standard","hentry","category-non-classe"],"uagb_featured_image_src":{"full":false,"thumbnail":false,"medium":false,"medium_large":false,"large":false,"1536x1536":false,"2048x2048":false},"uagb_author_info":{"display_name":"anthony.couraud","author_link":"https:\/\/niort-tt.fr\/index.php\/author\/anthony-couraud\/"},"uagb_comment_info":0,"uagb_excerpt":"La r\u00e9serve du Niort TT&#8230; sur la r\u00e9serve pour cette saison de Nationale 3 Alice Barcq va d\u00e9couvrir la N3 messieurs cette saison. Une recrue cubaine, un s\u00e9nior et deux juniors, dont une f\u00e9minine. Telle sera la composition de la r\u00e9serve du Niort TT qui prendra la ligne de d\u00e9part du championnat de N3 samedi.\u2026","_links":{"self":[{"href":"https:\/\/niort-tt.fr\/index.php\/wp-json\/wp\/v2\/posts\/881","targetHints":{"allow":["GET"]}}],"collection":[{"href":"https:\/\/niort-tt.fr\/index.php\/wp-json\/wp\/v2\/posts"}],"about":[{"href":"https:\/\/niort-tt.fr\/index.php\/wp-json\/wp\/v2\/types\/post"}],"author":[{"embeddable":true,"href":"https:\/\/niort-tt.fr\/index.php\/wp-json\/wp\/v2\/users\/1"}],"replies":[{"embeddable":true,"href":"https:\/\/niort-tt.fr\/index.php\/wp-json\/wp\/v2\/comments?post=881"}],"version-history":[{"count":1,"href":"https:\/\/niort-tt.fr\/index.php\/wp-json\/wp\/v2\/posts\/881\/revisions"}],"predecessor-version":[{"id":883,"href":"https:\/\/niort-tt.fr\/index.php\/wp-json\/wp\/v2\/posts\/881\/revisions\/883"}],"wp:attachment":[{"href":"https:\/\/niort-tt.fr\/index.php\/wp-json\/wp\/v2\/media?parent=881"}],"wp:term":[{"taxonomy":"category","embeddable":true,"href":"https:\/\/niort-tt.fr\/index.php\/wp-json\/wp\/v2\/categories?post=881"},{"taxonomy":"post_tag","embeddable":true,"href":"https:\/\/niort-tt.fr\/index.php\/wp-json\/wp\/v2\/tags?post=881"}],"curies":[{"name":"wp","href":"https:\/\/api.w.org\/{rel}","templated":true}]}}