{"id":763,"date":"2021-06-26T08:36:32","date_gmt":"2021-06-26T06:36:32","guid":{"rendered":"http:\/\/niort-tt.fr\/?p=763"},"modified":"2021-06-26T08:39:39","modified_gmt":"2021-06-26T06:39:39","slug":"763","status":"publish","type":"post","link":"https:\/\/niort-tt.fr\/index.php\/763\/non-classe\/","title":{"rendered":""},"content":{"rendered":"<p style=\"text-align: center;\"><span style=\"font-size: 18pt;\"><strong>Programme de l&rsquo;\u00e9t\u00e9<\/strong><\/span><\/p>\n<p style=\"font-weight: 400;\">Voici le programme estival propos\u00e9 par le club de Niort TT, nous avons souhait\u00e9\u00a0ouvrir le maximum de cr\u00e9neaux aux adh\u00e9rents apr\u00e8s cette saison compliqu\u00e9e.<\/p>\n<p style=\"font-weight: 400;\">Les entra\u00eenements se termineront le samedi 10 juillet inclus, vous pourrez donc venir \u00e0 vos horaires habituels jusqu\u2019\u00e0 cette date.<\/p>\n<p style=\"font-weight: 400;\">Pour les 3 derni\u00e8res semaines\u00a0de juillet, la salle restera ouverte pour les adh\u00e9rents du club tous les mardis et jeudis de 18h30 \u00e0 20h30 en acc\u00e8s libre et sous la responsabilit\u00e9 d\u2019un dirigeant.<\/p>\n<p style=\"font-weight: 400;\">Au mois d\u2019ao\u00fbt, du lundi 2 au vendredi 6 et du lundi 9 au vendredi 13 ao\u00fbt, la salle sera ouverte aux adh\u00e9rents du club de 18h30 \u00e0 20h30 en acc\u00e8s libre et sous la responsabilit\u00e9 d\u2019un entra\u00eeneur.<\/p>\n<p style=\"font-weight: 400;\">Pour la 2\u00e8me quinzaine du mois d\u2019ao\u00fbt, le club propose 2 stages de reprise<strong>\u00a0<\/strong>qui se d\u00e9rouleront du lundi au vendredi, de 9h \u00e0 17h.<\/p>\n<p style=\"font-weight: 400;\">Le tarif sera \u00e0 moiti\u00e9 prix pour les adh\u00e9rents du club.<\/p>\n<p style=\"font-weight: 400;\">\n<p>&nbsp;<\/p>\n<p><img fetchpriority=\"high\" decoding=\"async\" class=\"alignnone wp-image-761\" src=\"https:\/\/niort-tt.fr\/wp-content\/uploads\/2021\/06\/programme-ete-.jpg\" alt=\"\" width=\"306\" height=\"433\" srcset=\"https:\/\/niort-tt.fr\/wp-content\/uploads\/2021\/06\/programme-ete-.jpg 1414w, https:\/\/niort-tt.fr\/wp-content\/uploads\/2021\/06\/programme-ete--212x300.jpg 212w, https:\/\/niort-tt.fr\/wp-content\/uploads\/2021\/06\/programme-ete--724x1024.jpg 724w, https:\/\/niort-tt.fr\/wp-content\/uploads\/2021\/06\/programme-ete--768x1086.jpg 768w, https:\/\/niort-tt.fr\/wp-content\/uploads\/2021\/06\/programme-ete--1086x1536.jpg 1086w\" sizes=\"(max-width: 306px) 100vw, 306px\" \/>\u00a0 \u00a0 \u00a0 \u00a0 \u00a0 \u00a0 \u00a0 \u00a0 \u00a0 \u00a0 \u00a0 \u00a0 \u00a0 \u00a0 \u00a0 \u00a0 \u00a0 \u00a0 \u00a0<img decoding=\"async\" class=\"alignnone wp-image-762\" src=\"https:\/\/niort-tt.fr\/wp-content\/uploads\/2021\/06\/Stage-de-reprise-2021.jpg\" alt=\"\" width=\"308\" height=\"435\" srcset=\"https:\/\/niort-tt.fr\/wp-content\/uploads\/2021\/06\/Stage-de-reprise-2021.jpg 1587w, https:\/\/niort-tt.fr\/wp-content\/uploads\/2021\/06\/Stage-de-reprise-2021-212x300.jpg 212w, https:\/\/niort-tt.fr\/wp-content\/uploads\/2021\/06\/Stage-de-reprise-2021-724x1024.jpg 724w, https:\/\/niort-tt.fr\/wp-content\/uploads\/2021\/06\/Stage-de-reprise-2021-768x1086.jpg 768w, https:\/\/niort-tt.fr\/wp-content\/uploads\/2021\/06\/Stage-de-reprise-2021-1086x1536.jpg 1086w, https:\/\/niort-tt.fr\/wp-content\/uploads\/2021\/06\/Stage-de-reprise-2021-1448x2048.jpg 1448w\" sizes=\"(max-width: 308px) 100vw, 308px\" \/><\/p>\n<p style=\"text-align: center;\"><span style=\"color: #ff0000;\"><strong><a style=\"color: #ff0000;\" href=\"https:\/\/niort-tt.fr\/wp-content\/uploads\/2021\/06\/Inscription-Stage-de-reprise-2021.pdf\" target=\"_blank\" rel=\"noopener\">T\u00e9l\u00e9charger la fiche d\u2019inscription <\/a><\/strong><\/span><\/p>\n","protected":false},"excerpt":{"rendered":"<p>Programme de l&rsquo;\u00e9t\u00e9 Voici le programme estival propos\u00e9 par le club de Niort TT, nous avons souhait\u00e9\u00a0ouvrir le maximum de cr\u00e9neaux aux adh\u00e9rents apr\u00e8s cette saison compliqu\u00e9e. Les entra\u00eenements se termineront le samedi 10 juillet inclus, vous pourrez donc venir \u00e0 vos horaires habituels jusqu\u2019\u00e0 cette date. Pour les 3 derni\u00e8res semaines\u00a0de juillet, la salle [&hellip;]<\/p>\n","protected":false},"author":1,"featured_media":0,"comment_status":"closed","ping_status":"closed","sticky":true,"template":"","format":"standard","meta":{"_uag_custom_page_level_css":"","site-sidebar-layout":"default","site-content-layout":"","ast-site-content-layout":"default","site-content-style":"default","site-sidebar-style":"default","ast-global-header-display":"","ast-banner-title-visibility":"","ast-main-header-display":"","ast-hfb-above-header-display":"","ast-hfb-below-header-display":"","ast-hfb-mobile-header-display":"","site-post-title":"","ast-breadcrumbs-content":"","ast-featured-img":"","footer-sml-layout":"","ast-disable-related-posts":"","theme-transparent-header-meta":"","adv-header-id-meta":"","stick-header-meta":"","header-above-stick-meta":"","header-main-stick-meta":"","header-below-stick-meta":"","astra-migrate-meta-layouts":"default","ast-page-background-enabled":"default","ast-page-background-meta":{"desktop":{"background-color":"var(--ast-global-color-5)","background-image":"","background-repeat":"repeat","background-position":"center center","background-size":"auto","background-attachment":"scroll","background-type":"","background-media":"","overlay-type":"","overlay-color":"","overlay-opacity":"","overlay-gradient":""},"tablet":{"background-color":"","background-image":"","background-repeat":"repeat","background-position":"center center","background-size":"auto","background-attachment":"scroll","background-type":"","background-media":"","overlay-type":"","overlay-color":"","overlay-opacity":"","overlay-gradient":""},"mobile":{"background-color":"","background-image":"","background-repeat":"repeat","background-position":"center center","background-size":"auto","background-attachment":"scroll","background-type":"","background-media":"","overlay-type":"","overlay-color":"","overlay-opacity":"","overlay-gradient":""}},"ast-content-background-meta":{"desktop":{"background-color":"var(--ast-global-color-4)","background-image":"","background-repeat":"repeat","background-position":"center center","background-size":"auto","background-attachment":"scroll","background-type":"","background-media":"","overlay-type":"","overlay-color":"","overlay-opacity":"","overlay-gradient":""},"tablet":{"background-color":"var(--ast-global-color-4)","background-image":"","background-repeat":"repeat","background-position":"center center","background-size":"auto","background-attachment":"scroll","background-type":"","background-media":"","overlay-type":"","overlay-color":"","overlay-opacity":"","overlay-gradient":""},"mobile":{"background-color":"var(--ast-global-color-4)","background-image":"","background-repeat":"repeat","background-position":"center center","background-size":"auto","background-attachment":"scroll","background-type":"","background-media":"","overlay-type":"","overlay-color":"","overlay-opacity":"","overlay-gradient":""}},"_themeisle_gutenberg_block_has_review":false,"footnotes":""},"categories":[1],"tags":[],"class_list":["post-763","post","type-post","status-publish","format-standard","hentry","category-non-classe"],"uagb_featured_image_src":{"full":false,"thumbnail":false,"medium":false,"medium_large":false,"large":false,"1536x1536":false,"2048x2048":false},"uagb_author_info":{"display_name":"anthony.couraud","author_link":"https:\/\/niort-tt.fr\/index.php\/author\/anthony-couraud\/"},"uagb_comment_info":0,"uagb_excerpt":"Programme de l&rsquo;\u00e9t\u00e9 Voici le programme estival propos\u00e9 par le club de Niort TT, nous avons souhait\u00e9\u00a0ouvrir le maximum de cr\u00e9neaux aux adh\u00e9rents apr\u00e8s cette saison compliqu\u00e9e. Les entra\u00eenements se termineront le samedi 10 juillet inclus, vous pourrez donc venir \u00e0 vos horaires habituels jusqu\u2019\u00e0 cette date. Pour les 3 derni\u00e8res semaines\u00a0de juillet, la salle\u2026","_links":{"self":[{"href":"https:\/\/niort-tt.fr\/index.php\/wp-json\/wp\/v2\/posts\/763","targetHints":{"allow":["GET"]}}],"collection":[{"href":"https:\/\/niort-tt.fr\/index.php\/wp-json\/wp\/v2\/posts"}],"about":[{"href":"https:\/\/niort-tt.fr\/index.php\/wp-json\/wp\/v2\/types\/post"}],"author":[{"embeddable":true,"href":"https:\/\/niort-tt.fr\/index.php\/wp-json\/wp\/v2\/users\/1"}],"replies":[{"embeddable":true,"href":"https:\/\/niort-tt.fr\/index.php\/wp-json\/wp\/v2\/comments?post=763"}],"version-history":[{"count":6,"href":"https:\/\/niort-tt.fr\/index.php\/wp-json\/wp\/v2\/posts\/763\/revisions"}],"predecessor-version":[{"id":769,"href":"https:\/\/niort-tt.fr\/index.php\/wp-json\/wp\/v2\/posts\/763\/revisions\/769"}],"wp:attachment":[{"href":"https:\/\/niort-tt.fr\/index.php\/wp-json\/wp\/v2\/media?parent=763"}],"wp:term":[{"taxonomy":"category","embeddable":true,"href":"https:\/\/niort-tt.fr\/index.php\/wp-json\/wp\/v2\/categories?post=763"},{"taxonomy":"post_tag","embeddable":true,"href":"https:\/\/niort-tt.fr\/index.php\/wp-json\/wp\/v2\/tags?post=763"}],"curies":[{"name":"wp","href":"https:\/\/api.w.org\/{rel}","templated":true}]}}