{"id":747,"date":"2021-05-19T08:25:49","date_gmt":"2021-05-19T06:25:49","guid":{"rendered":"http:\/\/niort-tt.fr\/?p=747"},"modified":"2021-05-23T09:47:40","modified_gmt":"2021-05-23T07:47:40","slug":"747","status":"publish","type":"post","link":"https:\/\/niort-tt.fr\/index.php\/747\/non-classe\/","title":{"rendered":""},"content":{"rendered":"<h1 id=\":o4\" class=\"hP\" style=\"text-align: center;\" tabindex=\"-1\" data-thread-perm-id=\"thread-f:1700037687041784500\" data-legacy-thread-id=\"1797bf44e8e6fab4\"><span style=\"font-size: 18pt;\"><strong>R\u00e9ouverture salle &#8211; mercredi 19 mai<\/strong><\/span><\/h1>\n<p>&nbsp;<\/p>\n<div id=\":o8\" class=\"pG\" role=\"img\" data-tooltip-contained=\"true\" data-tooltip-align=\"b,l\" data-tooltip-delay=\"1500\" aria-label=\"Ce message est important, en particulier parce que vous lisez souvent les messages associ\u00e9s \u00e0 ce libell\u00e9.\">\n<div>Nous avons eu l&rsquo;information de la mairie de Niort concernant la r\u00e9ouverture de la salle.<\/div>\n<div><\/div>\n<div><b>La pratique du ping est de nouveau autoris\u00e9e pour les licenci\u00e9s mineurs uniquement, \u00e0 partir de ce mercredi 19 mai.<\/b><\/div>\n<div><b>\u00a0<\/b><\/div>\n<div>Nous allons donc reprendre les cr\u00e9neaux habituels pour les mineurs \u00e0 partir de mercredi, \u00e0 savoir :<\/div>\n<div><\/div>\n<ul>\n<li>Le mardi de 18h30 \u00e0 20h pour le groupe d\u00e9partemental\/r\u00e9gional<\/li>\n<li>Le mercredi de 17h \u00e0 18h30 pour l&rsquo;\u00e9cole de ping et de 18h30 \u00e0 20h pour le groupe perf<\/li>\n<li>Le jeudi de 18h30 \u00e0 20h30 pour le groupe r\u00e9gional \/ national<\/li>\n<li>Le vendredi de 18h \u00e0 20h\u00a0pour le groupe perfectionnement<\/li>\n<li>Le samedi de 9h30 \u00e0 11h pour l&rsquo;\u00e9cole de ping et ANIOS<\/li>\n<\/ul>\n<div><\/div>\n<\/div>\n<div>\n<div><b>Vous trouverez en pi\u00e8ce jointe <a href=\"http:\/\/www.fftt.com\/site\/jouer\/services-clubs\/informations-coronavirus\" target=\"_blank\" rel=\"noopener\">le protocole sanitaire<\/a>\u00a0\u00e0 respecter et nos 2 \u00e9ducateurs veilleront au bon respect des r\u00e8gles.<\/b><\/div>\n<div><\/div>\n<div>Nous esp\u00e9rons vraiment qu&rsquo;un maximum de jeunes reprendra le chemin de la salle et des entra\u00eenements apr\u00e8s ces longs mois d&rsquo;arr\u00eat.<\/div>\n<div><\/div>\n<div><b>Concernant les licenci\u00e9s majeurs, la reprise est programm\u00e9e au 9 juin et nous communiquerons\u00a0d\u00e9but juin \u00e0 ce sujet l\u00e0.<\/b><\/div>\n<\/div>\n<div><\/div>\n<div><\/div>\n<div><\/div>\n<div><\/div>\n<div><\/div>\n<div><\/div>\n<div>\n<div><\/div>\n<\/div>\n","protected":false},"excerpt":{"rendered":"<p>R\u00e9ouverture salle &#8211; mercredi 19 mai &nbsp; Nous avons eu l&rsquo;information de la mairie de Niort concernant la r\u00e9ouverture de la salle. La pratique du ping est de nouveau autoris\u00e9e pour les licenci\u00e9s mineurs uniquement, \u00e0 partir de ce mercredi 19 mai. \u00a0 Nous allons donc reprendre les cr\u00e9neaux habituels pour les mineurs \u00e0 partir [&hellip;]<\/p>\n","protected":false},"author":1,"featured_media":0,"comment_status":"closed","ping_status":"closed","sticky":true,"template":"","format":"standard","meta":{"_uag_custom_page_level_css":"","site-sidebar-layout":"default","site-content-layout":"","ast-site-content-layout":"default","site-content-style":"default","site-sidebar-style":"default","ast-global-header-display":"","ast-banner-title-visibility":"","ast-main-header-display":"","ast-hfb-above-header-display":"","ast-hfb-below-header-display":"","ast-hfb-mobile-header-display":"","site-post-title":"","ast-breadcrumbs-content":"","ast-featured-img":"","footer-sml-layout":"","ast-disable-related-posts":"","theme-transparent-header-meta":"","adv-header-id-meta":"","stick-header-meta":"","header-above-stick-meta":"","header-main-stick-meta":"","header-below-stick-meta":"","astra-migrate-meta-layouts":"default","ast-page-background-enabled":"default","ast-page-background-meta":{"desktop":{"background-color":"var(--ast-global-color-5)","background-image":"","background-repeat":"repeat","background-position":"center center","background-size":"auto","background-attachment":"scroll","background-type":"","background-media":"","overlay-type":"","overlay-color":"","overlay-opacity":"","overlay-gradient":""},"tablet":{"background-color":"","background-image":"","background-repeat":"repeat","background-position":"center center","background-size":"auto","background-attachment":"scroll","background-type":"","background-media":"","overlay-type":"","overlay-color":"","overlay-opacity":"","overlay-gradient":""},"mobile":{"background-color":"","background-image":"","background-repeat":"repeat","background-position":"center center","background-size":"auto","background-attachment":"scroll","background-type":"","background-media":"","overlay-type":"","overlay-color":"","overlay-opacity":"","overlay-gradient":""}},"ast-content-background-meta":{"desktop":{"background-color":"var(--ast-global-color-4)","background-image":"","background-repeat":"repeat","background-position":"center center","background-size":"auto","background-attachment":"scroll","background-type":"","background-media":"","overlay-type":"","overlay-color":"","overlay-opacity":"","overlay-gradient":""},"tablet":{"background-color":"var(--ast-global-color-4)","background-image":"","background-repeat":"repeat","background-position":"center center","background-size":"auto","background-attachment":"scroll","background-type":"","background-media":"","overlay-type":"","overlay-color":"","overlay-opacity":"","overlay-gradient":""},"mobile":{"background-color":"var(--ast-global-color-4)","background-image":"","background-repeat":"repeat","background-position":"center center","background-size":"auto","background-attachment":"scroll","background-type":"","background-media":"","overlay-type":"","overlay-color":"","overlay-opacity":"","overlay-gradient":""}},"_themeisle_gutenberg_block_has_review":false,"footnotes":""},"categories":[1],"tags":[],"class_list":["post-747","post","type-post","status-publish","format-standard","hentry","category-non-classe"],"uagb_featured_image_src":{"full":false,"thumbnail":false,"medium":false,"medium_large":false,"large":false,"1536x1536":false,"2048x2048":false},"uagb_author_info":{"display_name":"anthony.couraud","author_link":"https:\/\/niort-tt.fr\/index.php\/author\/anthony-couraud\/"},"uagb_comment_info":0,"uagb_excerpt":"R\u00e9ouverture salle &#8211; mercredi 19 mai &nbsp; Nous avons eu l&rsquo;information de la mairie de Niort concernant la r\u00e9ouverture de la salle. La pratique du ping est de nouveau autoris\u00e9e pour les licenci\u00e9s mineurs uniquement, \u00e0 partir de ce mercredi 19 mai. \u00a0 Nous allons donc reprendre les cr\u00e9neaux habituels pour les mineurs \u00e0 partir\u2026","_links":{"self":[{"href":"https:\/\/niort-tt.fr\/index.php\/wp-json\/wp\/v2\/posts\/747","targetHints":{"allow":["GET"]}}],"collection":[{"href":"https:\/\/niort-tt.fr\/index.php\/wp-json\/wp\/v2\/posts"}],"about":[{"href":"https:\/\/niort-tt.fr\/index.php\/wp-json\/wp\/v2\/types\/post"}],"author":[{"embeddable":true,"href":"https:\/\/niort-tt.fr\/index.php\/wp-json\/wp\/v2\/users\/1"}],"replies":[{"embeddable":true,"href":"https:\/\/niort-tt.fr\/index.php\/wp-json\/wp\/v2\/comments?post=747"}],"version-history":[{"count":4,"href":"https:\/\/niort-tt.fr\/index.php\/wp-json\/wp\/v2\/posts\/747\/revisions"}],"predecessor-version":[{"id":751,"href":"https:\/\/niort-tt.fr\/index.php\/wp-json\/wp\/v2\/posts\/747\/revisions\/751"}],"wp:attachment":[{"href":"https:\/\/niort-tt.fr\/index.php\/wp-json\/wp\/v2\/media?parent=747"}],"wp:term":[{"taxonomy":"category","embeddable":true,"href":"https:\/\/niort-tt.fr\/index.php\/wp-json\/wp\/v2\/categories?post=747"},{"taxonomy":"post_tag","embeddable":true,"href":"https:\/\/niort-tt.fr\/index.php\/wp-json\/wp\/v2\/tags?post=747"}],"curies":[{"name":"wp","href":"https:\/\/api.w.org\/{rel}","templated":true}]}}