{"id":738,"date":"2021-04-04T10:26:38","date_gmt":"2021-04-04T08:26:38","guid":{"rendered":"http:\/\/niort-tt.fr\/?p=738"},"modified":"2021-04-04T10:28:03","modified_gmt":"2021-04-04T08:28:03","slug":"738","status":"publish","type":"post","link":"https:\/\/niort-tt.fr\/index.php\/738\/non-classe\/","title":{"rendered":""},"content":{"rendered":"<p><img decoding=\"async\" class=\"wp-image-728 aligncenter\" src=\"https:\/\/niort-tt.fr\/wp-content\/uploads\/2021\/04\/Logo-le-Courrier-de-louest.jpg\" alt=\"\" width=\"169\" height=\"64\" srcset=\"https:\/\/niort-tt.fr\/wp-content\/uploads\/2021\/04\/Logo-le-Courrier-de-louest.jpg 1280w, https:\/\/niort-tt.fr\/wp-content\/uploads\/2021\/04\/Logo-le-Courrier-de-louest-300x113.jpg 300w, https:\/\/niort-tt.fr\/wp-content\/uploads\/2021\/04\/Logo-le-Courrier-de-louest-1024x387.jpg 1024w, https:\/\/niort-tt.fr\/wp-content\/uploads\/2021\/04\/Logo-le-Courrier-de-louest-768x290.jpg 768w\" sizes=\"(max-width: 169px) 100vw, 169px\" \/><\/p>\n<p style=\"text-align: center;\">Publi\u00e9 le 03\/04\/2021<\/p>\n<p style=\"text-align: center;\"><span style=\"font-size: 18pt;\"><strong>Niort TT et P\u00e9rign\u00e9 fix\u00e9s sur leur avenir<\/strong><\/span><\/p>\n<p style=\"text-align: center;\"><img fetchpriority=\"high\" decoding=\"async\" class=\"alignnone size-full wp-image-724\" src=\"https:\/\/niort-tt.fr\/wp-content\/uploads\/2021\/04\/Alin-B.jpg\" alt=\"\" width=\"630\" height=\"438\" srcset=\"https:\/\/niort-tt.fr\/wp-content\/uploads\/2021\/04\/Alin-B.jpg 630w, https:\/\/niort-tt.fr\/wp-content\/uploads\/2021\/04\/Alin-B-300x209.jpg 300w\" sizes=\"(max-width: 630px) 100vw, 630px\" \/><\/p>\n<p style=\"text-align: center;\">Alin Bobonete et les Niortais n\u2019ont jou\u00e9 que trois matches cette saison.<\/p>\n<p>&nbsp;<\/p>\n<div class=\"o9v6fnle cxmmr5t8 oygrvhab hcukyx3x c1et5uql ii04i59q\">\n<div dir=\"auto\"><strong>Attendue, la d\u00e9cision de la F\u00e9d\u00e9ration fran\u00e7aise d\u2019arr\u00eater les championnats nationaux est tomb\u00e9e jeudi soir. Maintenus dans leurs divisions respectives, Niort TT et P\u00e9rign\u00e9 peuvent d\u00e9sormais se projeter sur la saison prochaine.<\/strong><\/div>\n<div dir=\"auto\"><\/div>\n<\/div>\n<div class=\"o9v6fnle cxmmr5t8 oygrvhab hcukyx3x c1et5uql ii04i59q\">\n<div dir=\"auto\">\u00c0 l\u2019arr\u00eat depuis le mois d\u2019octobre, les championnats nationaux de tennis de table ne reprendront pas. Le Conseil f\u00e9d\u00e9ral de la F\u00e9d\u00e9ration fran\u00e7aise de tennis de table a ent\u00e9rin\u00e9 la d\u00e9cision jeudi 1er avril, <strong>optant pour une interruption d\u00e9finitive, sans mont\u00e9e ni descente\u200b.<\/strong> Et la d\u00e9cision n\u2019a \u00e9tonn\u00e9 personne dans les rangs des clubs deux-s\u00e9vriens concern\u00e9s : Niort, pensionnaire de N1 et N3 masculines, et P\u00e9rign\u00e9, qui \u00e9volue en N3 masculine.<\/div>\n<\/div>\n<div class=\"o9v6fnle cxmmr5t8 oygrvhab hcukyx3x c1et5uql ii04i59q\">\n<div dir=\"auto\"><strong>\u00ab\u00a0On s\u2019y attendait\u00a0\u00bb\u200b<\/strong>, souligne Alin Bobonete, entra\u00eeneur de Niort TT. <strong>\u00ab\u00a0La F\u00e9d\u00e9ration a consult\u00e9 les clubs de N1 il y a quelques jours, en vue de la mise en place de play-off pour la mont\u00e9e en Pro B. Le championnat normal \u00e9tait donc termin\u00e9. Et, \u00e9tant donn\u00e9 les mois d\u2019arr\u00eat, ce n\u2019est pas une d\u00e9cision trop dure \u00e0 dig\u00e9rer.\u00a0\u00bb<\/strong><\/div>\n<\/div>\n<div dir=\"auto\"><\/div>\n<div dir=\"auto\"><\/div>\n<div class=\"o9v6fnle cxmmr5t8 oygrvhab hcukyx3x c1et5uql ii04i59q\">\n<div dir=\"auto\"><strong>P\u00e9rign\u00e9 frein\u00e9<\/strong><\/div>\n<div dir=\"auto\"><strong>\u00ab\u00a0Ce n\u2019est pas une surprise\u00a0\u00bb<\/strong> \u200b, rench\u00e9rit Alain Paill\u00e9, pr\u00e9sident de P\u00e9rign\u00e9. <strong>\u00ab\u00a0Et ce n\u2019est pas vraiment une bonne nouvelle pour nous, parce qu\u2019on esp\u00e9rait jouer la mont\u00e9e en N2.\u00a0\u00bb<\/strong><\/div>\n<\/div>\n<div class=\"o9v6fnle cxmmr5t8 oygrvhab hcukyx3x c1et5uql ii04i59q\">\n<div dir=\"auto\">Au moment de l\u2019interruption, les P\u00e9rignois occupaient la place de leader avec trois victoires en autant de rencontres. <strong>\u00ab\u00a0Cela fait plus d\u2019un an et demi sans mont\u00e9e, soit trois phases. Or, on esp\u00e9rait accompagner la progression d\u2019Antoine Noirault en lui proposant un niveau de jeu sup\u00e9rieur. \u200b\u00a0\u00bb<\/strong> Mais P\u00e9rign\u00e9 repartira donc en N3 \u00e0 la rentr\u00e9e prochaine, et il est trop t\u00f4t pour savoir si l\u2019espoir du club en portera toujours les couleurs.<\/div>\n<\/div>\n<div dir=\"auto\"><\/div>\n<div dir=\"auto\"><\/div>\n<div class=\"o9v6fnle cxmmr5t8 oygrvhab hcukyx3x c1et5uql ii04i59q\">\n<div dir=\"auto\"><strong>Niort maintenu<\/strong><\/div>\n<div dir=\"auto\">De son c\u00f4t\u00e9, Niort TT avait mal d\u00e9marr\u00e9 la saison (trois d\u00e9faites en N1 comme en N3) et se consolera avec le maintien de ses deux \u00e9quipes masculines dans leurs divisions respectives. <strong>\u00ab\u00a0Mais on est dans le flou par rapport \u00e0 la saison prochaine\u00a0\u00bb\u200b<\/strong>, remarque Alin Bobonete. <strong>\u00ab\u00a0Le plus important sera de repartir. Si le sport recommence, \u00e7a signifiera que la vie reprend.\u00a0\u00bb \u00ab\u00a0Il serait bon de vivre une saison normale\u00a0\u00bb\u200b<\/strong>, esp\u00e8re Alain Paill\u00e9.<\/div>\n<\/div>\n<div class=\"o9v6fnle cxmmr5t8 oygrvhab hcukyx3x c1et5uql ii04i59q\">\n<div dir=\"auto\">En attendant, quid de l\u2019entra\u00eenement ? <strong>\u00ab\u00a0Ce serait bien de continuer\u200b, \u00ab\u00a0<\/strong> r\u00e9pond Alin Bobonete. <strong>\u00ab\u00a0C\u2019est un sport qui demande beaucoup d\u2019entra\u00eenement, on ne peut pas se permettre de s\u2019arr\u00eater pendant trois mois.\u00a0\u00bb<\/strong> \u200bMais seuls les sportifs inscrits sur les listes minist\u00e9rielles peuvent pratiquer leur sport favori : Antoine Noirault \u00e0 P\u00e9rign\u00e9, Thomas Bikindou, Mathias et Jeanne Golab \u00e0 Niort. Pour les autres, l\u2019activit\u00e9 est \u00e0 l\u2019arr\u00eat.<\/div>\n<\/div>\n","protected":false},"excerpt":{"rendered":"<p>Publi\u00e9 le 03\/04\/2021 Niort TT et P\u00e9rign\u00e9 fix\u00e9s sur leur avenir Alin Bobonete et les Niortais n\u2019ont jou\u00e9 que trois matches cette saison. &nbsp; Attendue, la d\u00e9cision de la F\u00e9d\u00e9ration fran\u00e7aise d\u2019arr\u00eater les championnats nationaux est tomb\u00e9e jeudi soir. Maintenus dans leurs divisions respectives, Niort TT et P\u00e9rign\u00e9 peuvent d\u00e9sormais se projeter sur la saison [&hellip;]<\/p>\n","protected":false},"author":1,"featured_media":0,"comment_status":"closed","ping_status":"closed","sticky":true,"template":"","format":"standard","meta":{"_uag_custom_page_level_css":"","site-sidebar-layout":"default","site-content-layout":"","ast-site-content-layout":"default","site-content-style":"default","site-sidebar-style":"default","ast-global-header-display":"","ast-banner-title-visibility":"","ast-main-header-display":"","ast-hfb-above-header-display":"","ast-hfb-below-header-display":"","ast-hfb-mobile-header-display":"","site-post-title":"","ast-breadcrumbs-content":"","ast-featured-img":"","footer-sml-layout":"","ast-disable-related-posts":"","theme-transparent-header-meta":"","adv-header-id-meta":"","stick-header-meta":"","header-above-stick-meta":"","header-main-stick-meta":"","header-below-stick-meta":"","astra-migrate-meta-layouts":"default","ast-page-background-enabled":"default","ast-page-background-meta":{"desktop":{"background-color":"var(--ast-global-color-5)","background-image":"","background-repeat":"repeat","background-position":"center center","background-size":"auto","background-attachment":"scroll","background-type":"","background-media":"","overlay-type":"","overlay-color":"","overlay-opacity":"","overlay-gradient":""},"tablet":{"background-color":"","background-image":"","background-repeat":"repeat","background-position":"center center","background-size":"auto","background-attachment":"scroll","background-type":"","background-media":"","overlay-type":"","overlay-color":"","overlay-opacity":"","overlay-gradient":""},"mobile":{"background-color":"","background-image":"","background-repeat":"repeat","background-position":"center center","background-size":"auto","background-attachment":"scroll","background-type":"","background-media":"","overlay-type":"","overlay-color":"","overlay-opacity":"","overlay-gradient":""}},"ast-content-background-meta":{"desktop":{"background-color":"var(--ast-global-color-4)","background-image":"","background-repeat":"repeat","background-position":"center center","background-size":"auto","background-attachment":"scroll","background-type":"","background-media":"","overlay-type":"","overlay-color":"","overlay-opacity":"","overlay-gradient":""},"tablet":{"background-color":"var(--ast-global-color-4)","background-image":"","background-repeat":"repeat","background-position":"center center","background-size":"auto","background-attachment":"scroll","background-type":"","background-media":"","overlay-type":"","overlay-color":"","overlay-opacity":"","overlay-gradient":""},"mobile":{"background-color":"var(--ast-global-color-4)","background-image":"","background-repeat":"repeat","background-position":"center center","background-size":"auto","background-attachment":"scroll","background-type":"","background-media":"","overlay-type":"","overlay-color":"","overlay-opacity":"","overlay-gradient":""}},"_themeisle_gutenberg_block_has_review":false,"footnotes":""},"categories":[1],"tags":[],"class_list":["post-738","post","type-post","status-publish","format-standard","hentry","category-non-classe"],"uagb_featured_image_src":{"full":false,"thumbnail":false,"medium":false,"medium_large":false,"large":false,"1536x1536":false,"2048x2048":false},"uagb_author_info":{"display_name":"anthony.couraud","author_link":"https:\/\/niort-tt.fr\/index.php\/author\/anthony-couraud\/"},"uagb_comment_info":0,"uagb_excerpt":"Publi\u00e9 le 03\/04\/2021 Niort TT et P\u00e9rign\u00e9 fix\u00e9s sur leur avenir Alin Bobonete et les Niortais n\u2019ont jou\u00e9 que trois matches cette saison. &nbsp; Attendue, la d\u00e9cision de la F\u00e9d\u00e9ration fran\u00e7aise d\u2019arr\u00eater les championnats nationaux est tomb\u00e9e jeudi soir. Maintenus dans leurs divisions respectives, Niort TT et P\u00e9rign\u00e9 peuvent d\u00e9sormais se projeter sur la saison\u2026","_links":{"self":[{"href":"https:\/\/niort-tt.fr\/index.php\/wp-json\/wp\/v2\/posts\/738","targetHints":{"allow":["GET"]}}],"collection":[{"href":"https:\/\/niort-tt.fr\/index.php\/wp-json\/wp\/v2\/posts"}],"about":[{"href":"https:\/\/niort-tt.fr\/index.php\/wp-json\/wp\/v2\/types\/post"}],"author":[{"embeddable":true,"href":"https:\/\/niort-tt.fr\/index.php\/wp-json\/wp\/v2\/users\/1"}],"replies":[{"embeddable":true,"href":"https:\/\/niort-tt.fr\/index.php\/wp-json\/wp\/v2\/comments?post=738"}],"version-history":[{"count":3,"href":"https:\/\/niort-tt.fr\/index.php\/wp-json\/wp\/v2\/posts\/738\/revisions"}],"predecessor-version":[{"id":741,"href":"https:\/\/niort-tt.fr\/index.php\/wp-json\/wp\/v2\/posts\/738\/revisions\/741"}],"wp:attachment":[{"href":"https:\/\/niort-tt.fr\/index.php\/wp-json\/wp\/v2\/media?parent=738"}],"wp:term":[{"taxonomy":"category","embeddable":true,"href":"https:\/\/niort-tt.fr\/index.php\/wp-json\/wp\/v2\/categories?post=738"},{"taxonomy":"post_tag","embeddable":true,"href":"https:\/\/niort-tt.fr\/index.php\/wp-json\/wp\/v2\/tags?post=738"}],"curies":[{"name":"wp","href":"https:\/\/api.w.org\/{rel}","templated":true}]}}