{"id":733,"date":"2021-04-04T10:21:25","date_gmt":"2021-04-04T08:21:25","guid":{"rendered":"http:\/\/niort-tt.fr\/?p=733"},"modified":"2021-04-04T10:21:25","modified_gmt":"2021-04-04T08:21:25","slug":"733","status":"publish","type":"post","link":"https:\/\/niort-tt.fr\/index.php\/733\/non-classe\/","title":{"rendered":""},"content":{"rendered":"<p><img decoding=\"async\" class=\"wp-image-735 aligncenter\" src=\"https:\/\/niort-tt.fr\/wp-content\/uploads\/2021\/04\/Logo_FFTT.jpg\" alt=\"\" width=\"85\" height=\"85\" srcset=\"https:\/\/niort-tt.fr\/wp-content\/uploads\/2021\/04\/Logo_FFTT.jpg 379w, https:\/\/niort-tt.fr\/wp-content\/uploads\/2021\/04\/Logo_FFTT-300x300.jpg 300w, https:\/\/niort-tt.fr\/wp-content\/uploads\/2021\/04\/Logo_FFTT-150x150.jpg 150w\" sizes=\"(max-width: 85px) 100vw, 85px\" \/><\/p>\n<p style=\"text-align: center;\">Publi\u00e9 le 01\/04\/2021<\/p>\n<p><img fetchpriority=\"high\" decoding=\"async\" class=\"wp-image-734 aligncenter\" src=\"https:\/\/niort-tt.fr\/wp-content\/uploads\/2021\/04\/Stop-championnat-.jpg\" alt=\"\" width=\"554\" height=\"228\" srcset=\"https:\/\/niort-tt.fr\/wp-content\/uploads\/2021\/04\/Stop-championnat-.jpg 1480w, https:\/\/niort-tt.fr\/wp-content\/uploads\/2021\/04\/Stop-championnat--300x124.jpg 300w, https:\/\/niort-tt.fr\/wp-content\/uploads\/2021\/04\/Stop-championnat--1024x422.jpg 1024w, https:\/\/niort-tt.fr\/wp-content\/uploads\/2021\/04\/Stop-championnat--768x317.jpg 768w\" sizes=\"(max-width: 554px) 100vw, 554px\" \/><\/p>\n<h3 style=\"text-align: center;\"><span style=\"font-size: 18pt;\">Arr\u00eat d\u00e9finitif des championnats nationaux<\/span><\/h3>\n<p>&nbsp;<\/p>\n<p><strong>Le Conseil F\u00e9d\u00e9ral de la FFTT a d\u00e9cid\u00e9 ce jour\u00a0:<\/strong><\/p>\n<ul>\n<li>l\u2019interruption d\u00e9finitive des championnats nationaux (masculins et f\u00e9minins), sans mont\u00e9e ni descente.<\/li>\n<li>l\u2019organisation par la commission sportive f\u00e9d\u00e9rale, si les conditions sanitaires et les autorisations administratives le permettent,\u00a0de rencontres d\u2019accession de nationale 1 en championnat de Pro B messieurs et de Pro Dames<\/li>\n<li>la constitution des poules de toutes les divisions du championnat national par \u00e9quipes de la 1\u00e8re phase 2021-2022 avec les \u00e9quipes de la phase 1 de la saison 2020-2021 qui se r\u00e9engageront<\/li>\n<\/ul>\n<p>Les instances d\u00e9concentr\u00e9es (ligues et comit\u00e9s d\u00e9partementaux) sont habilit\u00e9es \u00e0 prendre les d\u00e9cisions pour les championnats par \u00e9quipes sous leur responsabilit\u00e9.<\/p>\n<p>Le Bureau ex\u00e9cutif a d\u00e9cid\u00e9 de prolonger la p\u00e9riode des mutations. A titre exp\u00e9rimental, cette p\u00e9riode d\u00e9butera le 15 mai 2021 et se cl\u00f4turera le 30 juin 2021.<\/p>\n<p>Une premi\u00e8re version du calendrier f\u00e9d\u00e9ral de la saison 2021\/2022 est consultable\u00a0<a href=\"http:\/\/www.fftt.com\/doc\/Calendrier-2021-2022_v1.pdf\" target=\"_blank\" rel=\"noopener\">ICI<\/a><\/p>\n<p>Par ailleurs, la FFTT engage un plan de relance sur 3 axes\u00a0:<\/p>\n<ul>\n<li>communication (kits de communication, clip video, \u2026)<\/li>\n<li>sportif<\/li>\n<li>financier<\/li>\n<\/ul>\n<p>ce qui repr\u00e9sente un effort financier d\u2019environ 1 million d\u2019euros.<\/p>\n<p>Ce plan de relance sera finalis\u00e9 au cours d\u2019un Grenelle qui doit se tenir au cours du mois d\u2019avril.<\/p>\n<p>La volont\u00e9 forte de la F\u00e9d\u00e9ration reste de favoriser la reprise de la pratique au plus t\u00f4t.<\/p>\n<p>Gilles ERB, pr\u00e9sident de la FFTT :\u00a0\u00a0<em>\u00ab\u00a0La FFTT a pris le temps de consulter par un sondage, de concerter avec les territoires et d\u2019analyser l\u2019\u00e9volution de la situation sanitaire pour prendre la d\u00e9cision d\u2019arr\u00eater les championnats par \u00e9quipe au niveau national. C\u2019est une d\u00e9cision difficile, importante et frustrante qui touche les clubs et les licenci\u00e9s. En effet, il n\u2019est plus envisageable de r\u00e9aliser ne serait-ce qu\u2019une partie de ces comp\u00e9titions, comme nous l\u2019esp\u00e9rions. Cela ne signifie nullement l\u2019arr\u00eat complet du tennis de table. Au contraire, nous demandons aux comit\u00e9s et aux ligues de proposer des pratiques alternatives pour faire vivre le Ping partout et d\u00e8s que possible. La FFTT soutiendra \u00e9conomiquement les initiatives et les clubs dans le cadre d\u2019un plan de relance que nous finaliserons de mani\u00e8re concert\u00e9e \u00e0 l\u2019occasion d\u2019un Grenelle du tennis de table\u2026.\u00a0\u00bb<\/em><\/p>\n","protected":false},"excerpt":{"rendered":"<p>Publi\u00e9 le 01\/04\/2021 Arr\u00eat d\u00e9finitif des championnats nationaux &nbsp; Le Conseil F\u00e9d\u00e9ral de la FFTT a d\u00e9cid\u00e9 ce jour\u00a0: l\u2019interruption d\u00e9finitive des championnats nationaux (masculins et f\u00e9minins), sans mont\u00e9e ni descente. l\u2019organisation par la commission sportive f\u00e9d\u00e9rale, si les conditions sanitaires et les autorisations administratives le permettent,\u00a0de rencontres d\u2019accession de nationale 1 en championnat de [&hellip;]<\/p>\n","protected":false},"author":1,"featured_media":0,"comment_status":"closed","ping_status":"closed","sticky":true,"template":"","format":"standard","meta":{"_uag_custom_page_level_css":"","site-sidebar-layout":"default","site-content-layout":"","ast-site-content-layout":"default","site-content-style":"default","site-sidebar-style":"default","ast-global-header-display":"","ast-banner-title-visibility":"","ast-main-header-display":"","ast-hfb-above-header-display":"","ast-hfb-below-header-display":"","ast-hfb-mobile-header-display":"","site-post-title":"","ast-breadcrumbs-content":"","ast-featured-img":"","footer-sml-layout":"","ast-disable-related-posts":"","theme-transparent-header-meta":"","adv-header-id-meta":"","stick-header-meta":"","header-above-stick-meta":"","header-main-stick-meta":"","header-below-stick-meta":"","astra-migrate-meta-layouts":"default","ast-page-background-enabled":"default","ast-page-background-meta":{"desktop":{"background-color":"var(--ast-global-color-5)","background-image":"","background-repeat":"repeat","background-position":"center center","background-size":"auto","background-attachment":"scroll","background-type":"","background-media":"","overlay-type":"","overlay-color":"","overlay-opacity":"","overlay-gradient":""},"tablet":{"background-color":"","background-image":"","background-repeat":"repeat","background-position":"center center","background-size":"auto","background-attachment":"scroll","background-type":"","background-media":"","overlay-type":"","overlay-color":"","overlay-opacity":"","overlay-gradient":""},"mobile":{"background-color":"","background-image":"","background-repeat":"repeat","background-position":"center center","background-size":"auto","background-attachment":"scroll","background-type":"","background-media":"","overlay-type":"","overlay-color":"","overlay-opacity":"","overlay-gradient":""}},"ast-content-background-meta":{"desktop":{"background-color":"var(--ast-global-color-4)","background-image":"","background-repeat":"repeat","background-position":"center center","background-size":"auto","background-attachment":"scroll","background-type":"","background-media":"","overlay-type":"","overlay-color":"","overlay-opacity":"","overlay-gradient":""},"tablet":{"background-color":"var(--ast-global-color-4)","background-image":"","background-repeat":"repeat","background-position":"center center","background-size":"auto","background-attachment":"scroll","background-type":"","background-media":"","overlay-type":"","overlay-color":"","overlay-opacity":"","overlay-gradient":""},"mobile":{"background-color":"var(--ast-global-color-4)","background-image":"","background-repeat":"repeat","background-position":"center center","background-size":"auto","background-attachment":"scroll","background-type":"","background-media":"","overlay-type":"","overlay-color":"","overlay-opacity":"","overlay-gradient":""}},"_themeisle_gutenberg_block_has_review":false,"footnotes":""},"categories":[1],"tags":[],"class_list":["post-733","post","type-post","status-publish","format-standard","hentry","category-non-classe"],"uagb_featured_image_src":{"full":false,"thumbnail":false,"medium":false,"medium_large":false,"large":false,"1536x1536":false,"2048x2048":false},"uagb_author_info":{"display_name":"anthony.couraud","author_link":"https:\/\/niort-tt.fr\/index.php\/author\/anthony-couraud\/"},"uagb_comment_info":0,"uagb_excerpt":"Publi\u00e9 le 01\/04\/2021 Arr\u00eat d\u00e9finitif des championnats nationaux &nbsp; Le Conseil F\u00e9d\u00e9ral de la FFTT a d\u00e9cid\u00e9 ce jour\u00a0: l\u2019interruption d\u00e9finitive des championnats nationaux (masculins et f\u00e9minins), sans mont\u00e9e ni descente. l\u2019organisation par la commission sportive f\u00e9d\u00e9rale, si les conditions sanitaires et les autorisations administratives le permettent,\u00a0de rencontres d\u2019accession de nationale 1 en championnat de\u2026","_links":{"self":[{"href":"https:\/\/niort-tt.fr\/index.php\/wp-json\/wp\/v2\/posts\/733","targetHints":{"allow":["GET"]}}],"collection":[{"href":"https:\/\/niort-tt.fr\/index.php\/wp-json\/wp\/v2\/posts"}],"about":[{"href":"https:\/\/niort-tt.fr\/index.php\/wp-json\/wp\/v2\/types\/post"}],"author":[{"embeddable":true,"href":"https:\/\/niort-tt.fr\/index.php\/wp-json\/wp\/v2\/users\/1"}],"replies":[{"embeddable":true,"href":"https:\/\/niort-tt.fr\/index.php\/wp-json\/wp\/v2\/comments?post=733"}],"version-history":[{"count":2,"href":"https:\/\/niort-tt.fr\/index.php\/wp-json\/wp\/v2\/posts\/733\/revisions"}],"predecessor-version":[{"id":737,"href":"https:\/\/niort-tt.fr\/index.php\/wp-json\/wp\/v2\/posts\/733\/revisions\/737"}],"wp:attachment":[{"href":"https:\/\/niort-tt.fr\/index.php\/wp-json\/wp\/v2\/media?parent=733"}],"wp:term":[{"taxonomy":"category","embeddable":true,"href":"https:\/\/niort-tt.fr\/index.php\/wp-json\/wp\/v2\/categories?post=733"},{"taxonomy":"post_tag","embeddable":true,"href":"https:\/\/niort-tt.fr\/index.php\/wp-json\/wp\/v2\/tags?post=733"}],"curies":[{"name":"wp","href":"https:\/\/api.w.org\/{rel}","templated":true}]}}