{"id":729,"date":"2021-04-04T10:08:10","date_gmt":"2021-04-04T08:08:10","guid":{"rendered":"http:\/\/niort-tt.fr\/?p=729"},"modified":"2021-04-04T10:08:10","modified_gmt":"2021-04-04T08:08:10","slug":"729","status":"publish","type":"post","link":"https:\/\/niort-tt.fr\/index.php\/729\/non-classe\/","title":{"rendered":""},"content":{"rendered":"<p><img decoding=\"async\" class=\"wp-image-728 aligncenter\" src=\"https:\/\/niort-tt.fr\/wp-content\/uploads\/2021\/04\/Logo-le-Courrier-de-louest.jpg\" alt=\"\" width=\"167\" height=\"63\" srcset=\"https:\/\/niort-tt.fr\/wp-content\/uploads\/2021\/04\/Logo-le-Courrier-de-louest.jpg 1280w, https:\/\/niort-tt.fr\/wp-content\/uploads\/2021\/04\/Logo-le-Courrier-de-louest-300x113.jpg 300w, https:\/\/niort-tt.fr\/wp-content\/uploads\/2021\/04\/Logo-le-Courrier-de-louest-1024x387.jpg 1024w, https:\/\/niort-tt.fr\/wp-content\/uploads\/2021\/04\/Logo-le-Courrier-de-louest-768x290.jpg 768w\" sizes=\"(max-width: 167px) 100vw, 167px\" \/><\/p>\n<p style=\"text-align: center;\">Publi\u00e9 le 29\/03\/2021<\/p>\n<p>&nbsp;<\/p>\n<p style=\"text-align: center;\"><span style=\"font-size: 18pt;\"><strong>Sans but, la Niortaise Jeanne Golab n\u2019a pas d\u00e9croch\u00e9<\/strong><\/span><\/p>\n<p><img fetchpriority=\"high\" decoding=\"async\" class=\"wp-image-725 aligncenter\" src=\"https:\/\/niort-tt.fr\/wp-content\/uploads\/2021\/04\/Jeanne.jpg\" alt=\"\" width=\"600\" height=\"417\" srcset=\"https:\/\/niort-tt.fr\/wp-content\/uploads\/2021\/04\/Jeanne.jpg 1260w, https:\/\/niort-tt.fr\/wp-content\/uploads\/2021\/04\/Jeanne-300x209.jpg 300w, https:\/\/niort-tt.fr\/wp-content\/uploads\/2021\/04\/Jeanne-1024x712.jpg 1024w, https:\/\/niort-tt.fr\/wp-content\/uploads\/2021\/04\/Jeanne-768x534.jpg 768w\" sizes=\"(max-width: 600px) 100vw, 600px\" \/><\/p>\n<p style=\"text-align: center;\">Jeanne Golab affiche toujours la m\u00eame envie et motivation aux entrainements.<\/p>\n<div class=\"o9v6fnle cxmmr5t8 oygrvhab hcukyx3x c1et5uql ii04i59q\">\n<div dir=\"auto\">Quasiment priv\u00e9e de match depuis un an, Jeanne Golab continue de s\u2019entra\u00eener assid\u00fbment. La Niortaise \u00e2g\u00e9e de 15 ans se raccroche notamment \u00e0 la perspective de disputer les championnats de France jeunes en mai ou juin.<\/div>\n<\/div>\n<div class=\"o9v6fnle cxmmr5t8 oygrvhab hcukyx3x c1et5uql ii04i59q\">\n<div dir=\"auto\">En un an, Jeanne Golab n\u2019a disput\u00e9 que deux rencontres par \u00e9quipes au mois d\u2019octobre. En individuel, la jeune pongiste \u00e2g\u00e9e de 15 ans, n\u2019a pas pu \u00e9voluer au niveau Nation 1 auquel elle venait d\u2019acc\u00e9der d\u00e9but 2020. Malgr\u00e9 la frustration, la Niortaise \u00e2g\u00e9e de 15 ans, tente de garder le moral.<\/div>\n<div dir=\"auto\"><\/div>\n<div dir=\"auto\"><strong>Un long d\u00e9placement pour rien \u00e0 Pont-\u00e0-Mousson avait pr\u00e9c\u00e9d\u00e9 le premier confinement. Quel souvenir en gardez-vous aujourd\u2019hui?<\/strong><\/div>\n<div dir=\"auto\">Jeanne Golab: \u00c7a parait loin, mais \u00e7a reste dans la t\u00eate, et m\u00eame en travers de la gorge. Apr\u00e8s cet \u00e9pisode, j\u2019ai beaucoup ressass\u00e9. J\u2019\u00e9tais soulag\u00e9e, enfin, de monter en N1, j\u2019avais enfin l\u2019occasion de jouer \u00e0 ce niveau. Il y avait de l\u2019excitation, avant de jouer contre des filles plus fortes, sans pression. Au final, je n\u2019ai pas eu cette chance.<\/div>\n<div dir=\"auto\"><\/div>\n<\/div>\n<div class=\"o9v6fnle cxmmr5t8 oygrvhab hcukyx3x c1et5uql ii04i59q\">\n<div dir=\"auto\"><strong>Quel regard portez-vous sur cette ann\u00e9e hors norme?<\/strong><\/div>\n<div dir=\"auto\">Lors du premier confinement, je pouvais m\u2019estimer heureuse d\u2019avoir pu continuer \u00e0 jouer, et j\u2019\u00e9tais contente de maintenir \u00e0 un certain niveau. Physiquement, \u00e7a va, mais mentalement, c\u2019est le plus difficile. C\u2019est dur de se dire qu\u2019on ne va pas pouvoir atteindre les objectifs qu\u2019on s\u2019\u00e9tait fix\u00e9s.<\/div>\n<div dir=\"auto\"><\/div>\n<\/div>\n<div class=\"o9v6fnle cxmmr5t8 oygrvhab hcukyx3x c1et5uql ii04i59q\">\n<div dir=\"auto\"><strong>De quoi est fait votre quotidien aujourd\u2019hui ?<\/strong><\/div>\n<div dir=\"auto\">C\u2019est une routine. Apr\u00e8s les cours (Jeanne est \u00e9l\u00e8ve de seconde au Lyc\u00e9e Saint-Andr\u00e9 \u00e0 Niort NDLR), je viens m\u2019entrainer. L\u2019esprit commence un peu \u00e0 l\u00e2cher. Joueur tout e temps avec les m\u00eames personnes, c\u2019est un peu lassant. Les matches contre Thomas (Bikindou) et Mathias (Golab), voire Alin (Bobonete) ou Nicolas (Dupuy), ce n\u2019est pas la r\u00e9alit\u00e9 des matches qui m\u2019attendent contre des filles de mon \u00e2ge. C\u2019est autant plus difficile qu\u2019on ne sait rien sur le futur et c\u2019est parfois un peu d\u00e9primant car, pour nous, ce n\u2019est pas qu\u2019on loisir. On est dans une logique de comp\u00e9tition, et on s\u2019entraine habituellement avec un but.<\/div>\n<div dir=\"auto\"><\/div>\n<\/div>\n<div class=\"o9v6fnle cxmmr5t8 oygrvhab hcukyx3x c1et5uql ii04i59q\">\n<div dir=\"auto\"><strong>Du coup, vous demandez-vous pourquoi vous demandez continuez \u00e0 vous entrainer ?<\/strong><\/div>\n<div dir=\"auto\">On ne s\u2019entraine jamais pour rien. On apprend de nouvelles choses. Comme il n\u2019y a pas de comp\u00e9tition, on a plus de temps pour essayer certaines techniques au service par exemple, qu\u2019on ne pourrait pas se permettre habituellement. Le probl\u00e8me, c\u2019est qu\u2019on ne sait pas si cela fonctionnera en match. Apr\u00e8s, comme il n\u2019y a pas beaucoup d\u2019activit\u00e9, c\u2019est une chance de pouvoir s\u2019entrainer, se d\u00e9fouler.<\/div>\n<div dir=\"auto\"><\/div>\n<\/div>\n<div class=\"o9v6fnle cxmmr5t8 oygrvhab hcukyx3x c1et5uql ii04i59q\">\n<div dir=\"auto\"><strong>Vous fixez-vous quelques objectifs, quelques challenges pour pallier le manque de comp\u00e9tition ?<\/strong><\/div>\n<div dir=\"auto\">Je suis une comp\u00e9titrice, j\u2019ai envie de garder certaines rep\u00e8res, de ne pas perdre l\u2019\u00e9tat d\u2019esprit. Alors, faires des matches, m\u00eame si c\u2019est tout le temps face aux m\u00eames personnes, \u00e7a fait quand m\u00eame du bien. On fait aussi des choses ludiques pour se faire plaisir.<\/div>\n<div dir=\"auto\"><\/div>\n<\/div>\n<div class=\"o9v6fnle cxmmr5t8 oygrvhab hcukyx3x c1et5uql ii04i59q\">\n<div dir=\"auto\"><strong>N\u2019avez-vous jamais song\u00e9 \u00e0 arr\u00eater ?<\/strong><\/div>\n<div dir=\"auto\">Le ping, c\u2019est toute ma vie, j\u2019en fais depuis que je suis petite. Toutes mes journ\u00e9es, je les finis \u00e0 la salle. Tous les week-ends, normalement, je suis en comp\u00e9tition. M\u00eame les d\u00e9placements, le fait de devoir rattraper des cours parfois, font parties des choses qui manquent. Cette p\u00e9riode me permet de me rendre compte \u00e0 quel point j\u2019aime \u00e7a. Si ce n\u2019\u00e9tait pas le cas, j\u2019aurais arr\u00eat\u00e9.<\/div>\n<div dir=\"auto\"><\/div>\n<\/div>\n<div class=\"o9v6fnle cxmmr5t8 oygrvhab hcukyx3x c1et5uql ii04i59q\">\n<div dir=\"auto\"><strong>\u00c0 quoi se raccroche-t-on quand on flanche mentalement ?<\/strong><\/div>\n<div dir=\"auto\">Tout le monde est dans la m\u00eame situation. J\u2019ai la chance d\u2019avoir une famille de pongistes, mes parents comprennent ce qu\u2019on vit, on peut en parler. On travaille mentalement, quand la comp\u00e9tition n\u2019est pas l\u00e0, cela laisse du temps.<\/div>\n<div dir=\"auto\"><\/div>\n<\/div>\n<div class=\"o9v6fnle cxmmr5t8 oygrvhab hcukyx3x c1et5uql ii04i59q\">\n<div dir=\"auto\"><strong>En termes du niveau de jeu, ou en \u00eates-vous?<\/strong><\/div>\n<div dir=\"auto\">C\u2019est complique \u00e0 \u00e9valuer. M\u00eame si les entraineurs nous disent certaines choses, c\u2019est en comp\u00e9tition qu\u2019on peut savoir.<\/div>\n<div dir=\"auto\"><\/div>\n<\/div>\n<div class=\"o9v6fnle cxmmr5t8 oygrvhab hcukyx3x c1et5uql ii04i59q\">\n<div dir=\"auto\"><strong>Comment envisage-vous la reprise de la comp\u00e9tition?<\/strong><\/div>\n<div dir=\"auto\">Tout est flou, mais j\u2019essaye de me projeter un peu. Les championnats de France jeunes de l\u2019an dernier pourraient \u00eatre organises en mai ou juin. Cela me donne un r\u00e9el objectif, et encore plus envie de me donner \u00e0 fond. Ce reste hypoth\u00e9tique, mais je dois m\u2019y raccrocher, car je n\u2019ai rien d\u2019autre.<\/div>\n<\/div>\n","protected":false},"excerpt":{"rendered":"<p>Publi\u00e9 le 29\/03\/2021 &nbsp; Sans but, la Niortaise Jeanne Golab n\u2019a pas d\u00e9croch\u00e9 Jeanne Golab affiche toujours la m\u00eame envie et motivation aux entrainements. Quasiment priv\u00e9e de match depuis un an, Jeanne Golab continue de s\u2019entra\u00eener assid\u00fbment. La Niortaise \u00e2g\u00e9e de 15 ans se raccroche notamment \u00e0 la perspective de disputer les championnats de France [&hellip;]<\/p>\n","protected":false},"author":1,"featured_media":0,"comment_status":"closed","ping_status":"closed","sticky":true,"template":"","format":"standard","meta":{"_uag_custom_page_level_css":"","site-sidebar-layout":"default","site-content-layout":"","ast-site-content-layout":"default","site-content-style":"default","site-sidebar-style":"default","ast-global-header-display":"","ast-banner-title-visibility":"","ast-main-header-display":"","ast-hfb-above-header-display":"","ast-hfb-below-header-display":"","ast-hfb-mobile-header-display":"","site-post-title":"","ast-breadcrumbs-content":"","ast-featured-img":"","footer-sml-layout":"","ast-disable-related-posts":"","theme-transparent-header-meta":"","adv-header-id-meta":"","stick-header-meta":"","header-above-stick-meta":"","header-main-stick-meta":"","header-below-stick-meta":"","astra-migrate-meta-layouts":"default","ast-page-background-enabled":"default","ast-page-background-meta":{"desktop":{"background-color":"var(--ast-global-color-5)","background-image":"","background-repeat":"repeat","background-position":"center center","background-size":"auto","background-attachment":"scroll","background-type":"","background-media":"","overlay-type":"","overlay-color":"","overlay-opacity":"","overlay-gradient":""},"tablet":{"background-color":"","background-image":"","background-repeat":"repeat","background-position":"center center","background-size":"auto","background-attachment":"scroll","background-type":"","background-media":"","overlay-type":"","overlay-color":"","overlay-opacity":"","overlay-gradient":""},"mobile":{"background-color":"","background-image":"","background-repeat":"repeat","background-position":"center center","background-size":"auto","background-attachment":"scroll","background-type":"","background-media":"","overlay-type":"","overlay-color":"","overlay-opacity":"","overlay-gradient":""}},"ast-content-background-meta":{"desktop":{"background-color":"var(--ast-global-color-4)","background-image":"","background-repeat":"repeat","background-position":"center center","background-size":"auto","background-attachment":"scroll","background-type":"","background-media":"","overlay-type":"","overlay-color":"","overlay-opacity":"","overlay-gradient":""},"tablet":{"background-color":"var(--ast-global-color-4)","background-image":"","background-repeat":"repeat","background-position":"center center","background-size":"auto","background-attachment":"scroll","background-type":"","background-media":"","overlay-type":"","overlay-color":"","overlay-opacity":"","overlay-gradient":""},"mobile":{"background-color":"var(--ast-global-color-4)","background-image":"","background-repeat":"repeat","background-position":"center center","background-size":"auto","background-attachment":"scroll","background-type":"","background-media":"","overlay-type":"","overlay-color":"","overlay-opacity":"","overlay-gradient":""}},"_themeisle_gutenberg_block_has_review":false,"footnotes":""},"categories":[1],"tags":[],"class_list":["post-729","post","type-post","status-publish","format-standard","hentry","category-non-classe"],"uagb_featured_image_src":{"full":false,"thumbnail":false,"medium":false,"medium_large":false,"large":false,"1536x1536":false,"2048x2048":false},"uagb_author_info":{"display_name":"anthony.couraud","author_link":"https:\/\/niort-tt.fr\/index.php\/author\/anthony-couraud\/"},"uagb_comment_info":0,"uagb_excerpt":"Publi\u00e9 le 29\/03\/2021 &nbsp; Sans but, la Niortaise Jeanne Golab n\u2019a pas d\u00e9croch\u00e9 Jeanne Golab affiche toujours la m\u00eame envie et motivation aux entrainements. Quasiment priv\u00e9e de match depuis un an, Jeanne Golab continue de s\u2019entra\u00eener assid\u00fbment. La Niortaise \u00e2g\u00e9e de 15 ans se raccroche notamment \u00e0 la perspective de disputer les championnats de France\u2026","_links":{"self":[{"href":"https:\/\/niort-tt.fr\/index.php\/wp-json\/wp\/v2\/posts\/729","targetHints":{"allow":["GET"]}}],"collection":[{"href":"https:\/\/niort-tt.fr\/index.php\/wp-json\/wp\/v2\/posts"}],"about":[{"href":"https:\/\/niort-tt.fr\/index.php\/wp-json\/wp\/v2\/types\/post"}],"author":[{"embeddable":true,"href":"https:\/\/niort-tt.fr\/index.php\/wp-json\/wp\/v2\/users\/1"}],"replies":[{"embeddable":true,"href":"https:\/\/niort-tt.fr\/index.php\/wp-json\/wp\/v2\/comments?post=729"}],"version-history":[{"count":2,"href":"https:\/\/niort-tt.fr\/index.php\/wp-json\/wp\/v2\/posts\/729\/revisions"}],"predecessor-version":[{"id":731,"href":"https:\/\/niort-tt.fr\/index.php\/wp-json\/wp\/v2\/posts\/729\/revisions\/731"}],"wp:attachment":[{"href":"https:\/\/niort-tt.fr\/index.php\/wp-json\/wp\/v2\/media?parent=729"}],"wp:term":[{"taxonomy":"category","embeddable":true,"href":"https:\/\/niort-tt.fr\/index.php\/wp-json\/wp\/v2\/categories?post=729"},{"taxonomy":"post_tag","embeddable":true,"href":"https:\/\/niort-tt.fr\/index.php\/wp-json\/wp\/v2\/tags?post=729"}],"curies":[{"name":"wp","href":"https:\/\/api.w.org\/{rel}","templated":true}]}}