{"id":673,"date":"2020-12-14T09:05:30","date_gmt":"2020-12-14T08:05:30","guid":{"rendered":"http:\/\/niort-tt.fr\/?p=673"},"modified":"2020-12-14T09:07:42","modified_gmt":"2020-12-14T08:07:42","slug":"673","status":"publish","type":"post","link":"https:\/\/niort-tt.fr\/index.php\/673\/non-classe\/","title":{"rendered":""},"content":{"rendered":"<p style=\"text-align: center;\"><span style=\"font-size: 18pt;\"><strong>Reprise des entra\u00eenements jeunes\u00a0<\/strong><\/span><\/p>\n<p>Amis pongistes,<\/p>\n<div>Voici quelques informations suite aux derni\u00e8res annonces gouvernementales li\u00e9es \u00e0 la crise du COVID.<\/div>\n<div><\/div>\n<div><\/div>\n<div><b>Les sportifs mineurs pourront reprendre le chemin des entra\u00eenements \u00e0 partir du mardi 15 d\u00e9cembre.<\/b><\/div>\n<div><b>Pour les adultes, la date de reprise est toujours fix\u00e9e au 20 janvier 2021, nous verrons s&rsquo;il y a des changements en d\u00e9but d&rsquo;ann\u00e9e&#8230;<\/b><\/div>\n<div><b>\u00a0<\/b><\/div>\n<div>\u00c9tant donn\u00e9 qu&rsquo;il y a un couvre feu \u00e0 partir de 20h nous avons d\u00e9cid\u00e9 que la fin des entra\u00eenements aura lieu \u00e0 19h30, nous avons donc ajust\u00e9 certains cr\u00e9neaux.<\/div>\n<div><\/div>\n<div><strong>Lundi : pas de changement par rapport aux cr\u00e9neaux habituels<\/strong><\/div>\n<div><strong>Mardi : 18h\/19h30 pour les jeunes r\u00e9gionaux et nationaux<\/strong><\/div>\n<div><strong>Mercredi : 13h\/16h30 pour la section sportive\/groupe d\u00e9tection, <\/strong><\/div>\n<div><strong>\u00a0 \u00a0 \u00a0 \u00a0 \u00a0 \u00a0 \u00a0 \u00a0 \u00a0 \u00a016h30\/18h pour l&rsquo;\u00e9cole TT et <\/strong><\/div>\n<div><strong>\u00a0 \u00a0 \u00a0 \u00a0 \u00a0 \u00a0 \u00a0 \u00a0 \u00a0 \u00a018h\/19h30 pour le groupe perf<\/strong><\/div>\n<div><strong>Jeudi : 18h\/19h30 pour les jeunes et nous avons ajout\u00e9 un cr\u00e9neau 18h\/19h30 pour les handisports et sport adapt\u00e9s majeurs<\/strong><\/div>\n<div><strong>Vendredi : 18h\/19h30 pour le groupe perf<\/strong><\/div>\n<div><strong>Samedi : pas de changement par rapport au cr\u00e9neau\u00a0habituel<\/strong><\/div>\n<div><\/div>\n<div><\/div>\n<div><\/div>\n<div><\/div>\n<div><b>Pour la semaine prochaine, les entra\u00eenements des mineurs auront donc lieu du mardi 15 au samedi 19 d\u00e9cembre aux horaires indiqu\u00e9es ci-dessus.<\/b><\/div>\n<div><\/div>\n<div>Pour compenser en partie la fermeture de la salle pendant le confinement, nous avons \u00e9galement d\u00e9cid\u00e9 d&rsquo;ajouter un cr\u00e9neau d&rsquo;entra\u00eenement de 9h \u00e0 12h le 21, 22 et 23 d\u00e9cembre et nous vous tiendrons inform\u00e9 concernant le stage de No\u00ebl.<\/div>\n<div><\/div>\n<div><\/div>\n<div><b>Les r\u00e8gles\u00a0sanitaires devront \u00eatre rigoureusement respect\u00e9es, \u00e0 savoir prise de temp\u00e9rature \u00e0 l&rsquo;entr\u00e9e de la salle, nettoyage des mains au gel hydroalcoolique en entrant et sortant de la salle, port du masque en dehors des airs de jeux, \u00e9margement,&#8230;<\/b><\/div>\n<div><\/div>\n<div><\/div>\n<div>J&rsquo;esp\u00e8re que nous pourrons rapidement retrouver une activit\u00e9 \u00ab\u00a0normale\u00a0\u00bb au sein du club mais pour le moment nous sommes d\u00e9pendants des directives gouvernementales.<\/div>\n<div><\/div>\n<div><\/div>\n<div>Pour finir et pour information, les travaux des nouveaux \u00e9clairages LED avec 3 niveaux de puissances sont maintenant termin\u00e9s, il reste les derniers r\u00e9glages \u00e0 faire la semaine prochaine et \u00e7a change par rapport \u00e0 l&rsquo;ancien \u00e9clairage !<\/div>\n<div>\n<div><\/div>\n<div>Yoann BARIBAUD<\/div>\n<div>Co pr\u00e9sident Niort TT<\/div>\n<\/div>\n","protected":false},"excerpt":{"rendered":"<p>Reprise des entra\u00eenements jeunes\u00a0 Amis pongistes, Voici quelques informations suite aux derni\u00e8res annonces gouvernementales li\u00e9es \u00e0 la crise du COVID. Les sportifs mineurs pourront reprendre le chemin des entra\u00eenements \u00e0 partir du mardi 15 d\u00e9cembre. Pour les adultes, la date de reprise est toujours fix\u00e9e au 20 janvier 2021, nous verrons s&rsquo;il y a des [&hellip;]<\/p>\n","protected":false},"author":1,"featured_media":0,"comment_status":"closed","ping_status":"closed","sticky":true,"template":"","format":"standard","meta":{"_uag_custom_page_level_css":"","site-sidebar-layout":"default","site-content-layout":"","ast-site-content-layout":"default","site-content-style":"default","site-sidebar-style":"default","ast-global-header-display":"","ast-banner-title-visibility":"","ast-main-header-display":"","ast-hfb-above-header-display":"","ast-hfb-below-header-display":"","ast-hfb-mobile-header-display":"","site-post-title":"","ast-breadcrumbs-content":"","ast-featured-img":"","footer-sml-layout":"","ast-disable-related-posts":"","theme-transparent-header-meta":"","adv-header-id-meta":"","stick-header-meta":"","header-above-stick-meta":"","header-main-stick-meta":"","header-below-stick-meta":"","astra-migrate-meta-layouts":"default","ast-page-background-enabled":"default","ast-page-background-meta":{"desktop":{"background-color":"var(--ast-global-color-5)","background-image":"","background-repeat":"repeat","background-position":"center center","background-size":"auto","background-attachment":"scroll","background-type":"","background-media":"","overlay-type":"","overlay-color":"","overlay-opacity":"","overlay-gradient":""},"tablet":{"background-color":"","background-image":"","background-repeat":"repeat","background-position":"center center","background-size":"auto","background-attachment":"scroll","background-type":"","background-media":"","overlay-type":"","overlay-color":"","overlay-opacity":"","overlay-gradient":""},"mobile":{"background-color":"","background-image":"","background-repeat":"repeat","background-position":"center center","background-size":"auto","background-attachment":"scroll","background-type":"","background-media":"","overlay-type":"","overlay-color":"","overlay-opacity":"","overlay-gradient":""}},"ast-content-background-meta":{"desktop":{"background-color":"var(--ast-global-color-4)","background-image":"","background-repeat":"repeat","background-position":"center center","background-size":"auto","background-attachment":"scroll","background-type":"","background-media":"","overlay-type":"","overlay-color":"","overlay-opacity":"","overlay-gradient":""},"tablet":{"background-color":"var(--ast-global-color-4)","background-image":"","background-repeat":"repeat","background-position":"center center","background-size":"auto","background-attachment":"scroll","background-type":"","background-media":"","overlay-type":"","overlay-color":"","overlay-opacity":"","overlay-gradient":""},"mobile":{"background-color":"var(--ast-global-color-4)","background-image":"","background-repeat":"repeat","background-position":"center center","background-size":"auto","background-attachment":"scroll","background-type":"","background-media":"","overlay-type":"","overlay-color":"","overlay-opacity":"","overlay-gradient":""}},"_themeisle_gutenberg_block_has_review":false,"footnotes":""},"categories":[1],"tags":[],"class_list":["post-673","post","type-post","status-publish","format-standard","hentry","category-non-classe"],"uagb_featured_image_src":{"full":false,"thumbnail":false,"medium":false,"medium_large":false,"large":false,"1536x1536":false,"2048x2048":false},"uagb_author_info":{"display_name":"anthony.couraud","author_link":"https:\/\/niort-tt.fr\/index.php\/author\/anthony-couraud\/"},"uagb_comment_info":0,"uagb_excerpt":"Reprise des entra\u00eenements jeunes\u00a0 Amis pongistes, Voici quelques informations suite aux derni\u00e8res annonces gouvernementales li\u00e9es \u00e0 la crise du COVID. Les sportifs mineurs pourront reprendre le chemin des entra\u00eenements \u00e0 partir du mardi 15 d\u00e9cembre. Pour les adultes, la date de reprise est toujours fix\u00e9e au 20 janvier 2021, nous verrons s&rsquo;il y a des\u2026","_links":{"self":[{"href":"https:\/\/niort-tt.fr\/index.php\/wp-json\/wp\/v2\/posts\/673","targetHints":{"allow":["GET"]}}],"collection":[{"href":"https:\/\/niort-tt.fr\/index.php\/wp-json\/wp\/v2\/posts"}],"about":[{"href":"https:\/\/niort-tt.fr\/index.php\/wp-json\/wp\/v2\/types\/post"}],"author":[{"embeddable":true,"href":"https:\/\/niort-tt.fr\/index.php\/wp-json\/wp\/v2\/users\/1"}],"replies":[{"embeddable":true,"href":"https:\/\/niort-tt.fr\/index.php\/wp-json\/wp\/v2\/comments?post=673"}],"version-history":[{"count":4,"href":"https:\/\/niort-tt.fr\/index.php\/wp-json\/wp\/v2\/posts\/673\/revisions"}],"predecessor-version":[{"id":677,"href":"https:\/\/niort-tt.fr\/index.php\/wp-json\/wp\/v2\/posts\/673\/revisions\/677"}],"wp:attachment":[{"href":"https:\/\/niort-tt.fr\/index.php\/wp-json\/wp\/v2\/media?parent=673"}],"wp:term":[{"taxonomy":"category","embeddable":true,"href":"https:\/\/niort-tt.fr\/index.php\/wp-json\/wp\/v2\/categories?post=673"},{"taxonomy":"post_tag","embeddable":true,"href":"https:\/\/niort-tt.fr\/index.php\/wp-json\/wp\/v2\/tags?post=673"}],"curies":[{"name":"wp","href":"https:\/\/api.w.org\/{rel}","templated":true}]}}