{"id":630,"date":"2020-10-19T08:17:13","date_gmt":"2020-10-19T06:17:13","guid":{"rendered":"http:\/\/niort-tt.fr\/?p=630"},"modified":"2020-10-19T08:51:18","modified_gmt":"2020-10-19T06:51:18","slug":"630","status":"publish","type":"post","link":"https:\/\/niort-tt.fr\/index.php\/630\/non-classe\/","title":{"rendered":""},"content":{"rendered":"<p><img decoding=\"async\" class=\"alignnone wp-image-529 aligncenter\" src=\"https:\/\/niort-tt.fr\/wp-content\/uploads\/2020\/09\/logo.png\" alt=\"\" width=\"167\" height=\"54\" srcset=\"https:\/\/niort-tt.fr\/wp-content\/uploads\/2020\/09\/logo.png 343w, https:\/\/niort-tt.fr\/wp-content\/uploads\/2020\/09\/logo-300x97.png 300w\" sizes=\"(max-width: 167px) 100vw, 167px\" \/><\/p>\n<p style=\"text-align: center;\">Publi\u00e9 le 19<time class=\"ng-binding\" datetime=\"2020-09-09T06:26:36.000+0200\">\/10\/20<\/time><\/p>\n<h1 class=\"title_page ng-binding ng-scope\" style=\"text-align: center;\"><strong><span style=\"font-size: 24pt;\">Niort, de l\u2019euphorie \u00e0 la d\u00e9ception<\/span><\/strong><\/h1>\n<p><span style=\"font-size: 24pt;\"><img fetchpriority=\"high\" decoding=\"async\" class=\" wp-image-631 aligncenter\" src=\"https:\/\/niort-tt.fr\/wp-content\/uploads\/2020\/10\/Mathias.jpg\" alt=\"\" width=\"520\" height=\"292\" srcset=\"https:\/\/niort-tt.fr\/wp-content\/uploads\/2020\/10\/Mathias.jpg 1020w, https:\/\/niort-tt.fr\/wp-content\/uploads\/2020\/10\/Mathias-300x169.jpg 300w, https:\/\/niort-tt.fr\/wp-content\/uploads\/2020\/10\/Mathias-768x431.jpg 768w\" sizes=\"(max-width: 520px) 100vw, 520px\" \/><\/span><\/p>\n<p style=\"text-align: center;\">Mathias Golab (n\u00b0 503) avait pourtant dispos\u00e9 de Guen (n\u00b0 171)<\/p>\n<p>La d\u00e9ception est immense, \u00e0 la hauteur de l\u2019euphorie qui r\u00e9gnait dans le camp niortais en d\u00e9but de rencontre. Oppos\u00e9s \u00e0 une solide r\u00e9serve de Thorign\u00e9-Fouillard emmen\u00e9e par leur leader Damien Provost (n\u00b0 78), les Niortais r\u00e9alisaient un d\u00e9but de rencontre exceptionnel en remportant cinq des six premiers simples \u00e0 la belle, dont trois 11-9. Parmi cette pluie de victoires arrach\u00e9es aux forceps, la plus belle \u00e9tait \u00e0 mettre au cr\u00e9dit de Mathias Golab (n\u00b0 503), auteur d\u2019une perf de choix face \u00e0 Samuel Guen (n\u00b0 171) 11-9 dans la cinqui\u00e8me manche. <em>\u00ab\u00a0La feuille de match a bien tourn\u00e9 pour nous mais on a aussi montr\u00e9 un niveau de jeu digne de la N1\u00a0\u00bb<\/em>, analysait l\u2019entra\u00eeneur-joueur\u00a0Alin Bobonete, victorieux de ses deux premiers simples 11-5\u00a0\u00e0 la belle contre Mahoudo (n\u00b0\u00a0382) et 11-9 \u00e0 la belle contre Pasquette (n\u00b0\u00a0374).<br \/>\n\u00c0 5-1, Niort connaissait un passage \u00e0 vide avec la deuxi\u00e8me d\u00e9faite de Thomas Bikindou, l\u2019homme en forme du d\u00e9but de saison. \u00ab\u00a0Thomas\u00a0s\u2019est arrach\u00e9 les cinq doigts de la main sur la table pendant l\u2019\u00e9chauffement, explique son coach.\u00a0<em>Il n\u2019arrivait pas \u00e0 bien serrer sa raquette.\u00a0\u00bb<\/em> Dans ces conditions, le junior niortais ne parvenait pas \u00e0 remporter la moindre manche. Forc\u00e9ment, cette statistique st\u00e9rile permettait aux visiteurs de revenir (5-3, 6-4) sur des Niortais qui se mettaient \u00e0 rater les opportunit\u00e9s et ce, malgr\u00e9 le gain d\u2019un double. On pense \u00e0 Antoine Doyen (n\u00b0 161), qui mena 4-1 \u00e0 la belle contre Provost (8-4), avant de s\u2019\u00e9crouler apr\u00e8s le temps-mort visiteur. Apr\u00e8s sa perf initiale, on esp\u00e9rait un peu plus aussi de Mathias Golab contre Mahoudo, un joueur qui n\u2019avait pas remport\u00e9 le moindre simple de la rencontre. Il n\u2019en fut rien. Les Bretons remportaient les quatre derniers matchs et coiffaient les locaux sur le poteau et ce, malgr\u00e9 la r\u00e9sistance d\u2019Alin Bobonete contre Guen (d\u00e9faite 11-4 \u00e0 la belle) lors du dernier simple.<\/p>\n<p>&nbsp;<\/p>\n<p>&nbsp;<\/p>\n<p>&nbsp;<\/p>\n","protected":false},"excerpt":{"rendered":"<p>Publi\u00e9 le 19\/10\/20 Niort, de l\u2019euphorie \u00e0 la d\u00e9ception Mathias Golab (n\u00b0 503) avait pourtant dispos\u00e9 de Guen (n\u00b0 171) La d\u00e9ception est immense, \u00e0 la hauteur de l\u2019euphorie qui r\u00e9gnait dans le camp niortais en d\u00e9but de rencontre. Oppos\u00e9s \u00e0 une solide r\u00e9serve de Thorign\u00e9-Fouillard emmen\u00e9e par leur leader Damien Provost (n\u00b0 78), les [&hellip;]<\/p>\n","protected":false},"author":1,"featured_media":0,"comment_status":"closed","ping_status":"closed","sticky":true,"template":"","format":"standard","meta":{"_uag_custom_page_level_css":"","site-sidebar-layout":"default","site-content-layout":"","ast-site-content-layout":"default","site-content-style":"default","site-sidebar-style":"default","ast-global-header-display":"","ast-banner-title-visibility":"","ast-main-header-display":"","ast-hfb-above-header-display":"","ast-hfb-below-header-display":"","ast-hfb-mobile-header-display":"","site-post-title":"","ast-breadcrumbs-content":"","ast-featured-img":"","footer-sml-layout":"","ast-disable-related-posts":"","theme-transparent-header-meta":"","adv-header-id-meta":"","stick-header-meta":"","header-above-stick-meta":"","header-main-stick-meta":"","header-below-stick-meta":"","astra-migrate-meta-layouts":"default","ast-page-background-enabled":"default","ast-page-background-meta":{"desktop":{"background-color":"var(--ast-global-color-5)","background-image":"","background-repeat":"repeat","background-position":"center center","background-size":"auto","background-attachment":"scroll","background-type":"","background-media":"","overlay-type":"","overlay-color":"","overlay-opacity":"","overlay-gradient":""},"tablet":{"background-color":"","background-image":"","background-repeat":"repeat","background-position":"center center","background-size":"auto","background-attachment":"scroll","background-type":"","background-media":"","overlay-type":"","overlay-color":"","overlay-opacity":"","overlay-gradient":""},"mobile":{"background-color":"","background-image":"","background-repeat":"repeat","background-position":"center center","background-size":"auto","background-attachment":"scroll","background-type":"","background-media":"","overlay-type":"","overlay-color":"","overlay-opacity":"","overlay-gradient":""}},"ast-content-background-meta":{"desktop":{"background-color":"var(--ast-global-color-4)","background-image":"","background-repeat":"repeat","background-position":"center center","background-size":"auto","background-attachment":"scroll","background-type":"","background-media":"","overlay-type":"","overlay-color":"","overlay-opacity":"","overlay-gradient":""},"tablet":{"background-color":"var(--ast-global-color-4)","background-image":"","background-repeat":"repeat","background-position":"center center","background-size":"auto","background-attachment":"scroll","background-type":"","background-media":"","overlay-type":"","overlay-color":"","overlay-opacity":"","overlay-gradient":""},"mobile":{"background-color":"var(--ast-global-color-4)","background-image":"","background-repeat":"repeat","background-position":"center center","background-size":"auto","background-attachment":"scroll","background-type":"","background-media":"","overlay-type":"","overlay-color":"","overlay-opacity":"","overlay-gradient":""}},"_themeisle_gutenberg_block_has_review":false,"footnotes":""},"categories":[1],"tags":[],"class_list":["post-630","post","type-post","status-publish","format-standard","hentry","category-non-classe"],"uagb_featured_image_src":{"full":false,"thumbnail":false,"medium":false,"medium_large":false,"large":false,"1536x1536":false,"2048x2048":false},"uagb_author_info":{"display_name":"anthony.couraud","author_link":"https:\/\/niort-tt.fr\/index.php\/author\/anthony-couraud\/"},"uagb_comment_info":0,"uagb_excerpt":"Publi\u00e9 le 19\/10\/20 Niort, de l\u2019euphorie \u00e0 la d\u00e9ception Mathias Golab (n\u00b0 503) avait pourtant dispos\u00e9 de Guen (n\u00b0 171) La d\u00e9ception est immense, \u00e0 la hauteur de l\u2019euphorie qui r\u00e9gnait dans le camp niortais en d\u00e9but de rencontre. Oppos\u00e9s \u00e0 une solide r\u00e9serve de Thorign\u00e9-Fouillard emmen\u00e9e par leur leader Damien Provost (n\u00b0 78), les\u2026","_links":{"self":[{"href":"https:\/\/niort-tt.fr\/index.php\/wp-json\/wp\/v2\/posts\/630","targetHints":{"allow":["GET"]}}],"collection":[{"href":"https:\/\/niort-tt.fr\/index.php\/wp-json\/wp\/v2\/posts"}],"about":[{"href":"https:\/\/niort-tt.fr\/index.php\/wp-json\/wp\/v2\/types\/post"}],"author":[{"embeddable":true,"href":"https:\/\/niort-tt.fr\/index.php\/wp-json\/wp\/v2\/users\/1"}],"replies":[{"embeddable":true,"href":"https:\/\/niort-tt.fr\/index.php\/wp-json\/wp\/v2\/comments?post=630"}],"version-history":[{"count":4,"href":"https:\/\/niort-tt.fr\/index.php\/wp-json\/wp\/v2\/posts\/630\/revisions"}],"predecessor-version":[{"id":649,"href":"https:\/\/niort-tt.fr\/index.php\/wp-json\/wp\/v2\/posts\/630\/revisions\/649"}],"wp:attachment":[{"href":"https:\/\/niort-tt.fr\/index.php\/wp-json\/wp\/v2\/media?parent=630"}],"wp:term":[{"taxonomy":"category","embeddable":true,"href":"https:\/\/niort-tt.fr\/index.php\/wp-json\/wp\/v2\/categories?post=630"},{"taxonomy":"post_tag","embeddable":true,"href":"https:\/\/niort-tt.fr\/index.php\/wp-json\/wp\/v2\/tags?post=630"}],"curies":[{"name":"wp","href":"https:\/\/api.w.org\/{rel}","templated":true}]}}