{"id":577,"date":"2020-09-24T09:24:25","date_gmt":"2020-09-24T07:24:25","guid":{"rendered":"http:\/\/niort-tt.fr\/?p=577"},"modified":"2020-10-19T08:22:15","modified_gmt":"2020-10-19T06:22:15","slug":"577","status":"publish","type":"post","link":"https:\/\/niort-tt.fr\/index.php\/577\/non-classe\/","title":{"rendered":""},"content":{"rendered":"<p><img decoding=\"async\" class=\"alignnone wp-image-529 aligncenter\" src=\"https:\/\/niort-tt.fr\/wp-content\/uploads\/2020\/09\/logo.png\" alt=\"\" width=\"167\" height=\"54\" srcset=\"https:\/\/niort-tt.fr\/wp-content\/uploads\/2020\/09\/logo.png 343w, https:\/\/niort-tt.fr\/wp-content\/uploads\/2020\/09\/logo-300x97.png 300w\" sizes=\"(max-width: 167px) 100vw, 167px\" \/><\/p>\n<p style=\"text-align: center;\">Publi\u00e9 le 23<time class=\"ng-binding\" datetime=\"2020-09-09T06:26:36.000+0200\">\/09\/2020<\/time><\/p>\n<h1 class=\"title_page ng-binding ng-scope\" style=\"text-align: center;\"><span style=\"font-size: 18pt;\"><strong>Interview Antoine Doyen : \u00a0\u00bb J&rsquo;ai envie de faire les J.O.<\/strong><\/span><\/h1>\n<p><img fetchpriority=\"high\" decoding=\"async\" class=\"wp-image-578 aligncenter\" src=\"https:\/\/niort-tt.fr\/wp-content\/uploads\/2020\/09\/antoine.jpg\" alt=\"\" width=\"605\" height=\"340\" srcset=\"https:\/\/niort-tt.fr\/wp-content\/uploads\/2020\/09\/antoine.jpg 1020w, https:\/\/niort-tt.fr\/wp-content\/uploads\/2020\/09\/antoine-300x169.jpg 300w, https:\/\/niort-tt.fr\/wp-content\/uploads\/2020\/09\/antoine-768x431.jpg 768w\" sizes=\"(max-width: 605px) 100vw, 605px\" \/><\/p>\n<p style=\"text-align: center;\">Antoine Doyen, samedi, face au Hongrois Nandor Ecseki.<\/p>\n<p>Recrue phare du Niort TT, Antoine Doyen (n\u00b0\u00a0161 fran\u00e7ais) a disput\u00e9 son premier match samedi \u00e0 domicile sous ses nouvelles couleurs. L\u2019occasion de faire connaissance avec ce gar\u00e7on de 19 ans\u00a0au parcours singulier.<\/p>\n<p><strong><span class=\"Interview\">Quel bilan tirez-vous de votre premier match (d\u00e9faite 8-2) ?\u00a0<\/span><\/strong>\u00ab\u00a0Personnellement, je suis satisfait.\u00a0J\u2019ai gagn\u00e9 le match que je devais gagner contre Baechler (n\u00b0\u00a0307), et j\u2019ai fait un bon match contre Ecseki (n\u00b0\u00a0134 mondial). Contre lui, j\u2019ai essay\u00e9 d\u2019\u00eatre efficace en services-remises. Au final, je prends un set. \u00c7a se joue sur de petites erreurs. Collectivement, j\u2019ai eu de bonnes sensations aussi.\u00a0J\u2019ai \u00e9t\u00e9 bien accueilli notamment par Mathias Golab, qui est le seul joueur de l\u2019\u00e9quipe que je connaissais un peu. J\u2019ai dormi chez lui vendredi soir. Je me suis entra\u00een\u00e9 samedi matin avec Thomas Bikindou. J\u2019ai fait la connaissance d\u2019Alin Bobonete juste avant le match. Pendant la rencontre, on s\u2019est entraid\u00e9. L\u2019ambiance \u00e9tait bonne et\u00a0ce, malgr\u00e9 la d\u00e9faite.\u00a0Franchement, \u00e7a peut \u00eatre une belle aventure, m\u00eame si le maintien sera dur \u00e0 aller chercher. Il faudra battre Annecy lors de la prochaine journ\u00e9e. Je serai pr\u00e9sent.\u00a0\u00bb<\/p>\n<p><strong><span class=\"Interview\">Dans quelles conditions s\u2019est d\u00e9roul\u00e9e votre venue ?\u00a0<\/span><\/strong>\u00ab\u00a0Je cherchais un club en fin de saison derni\u00e8re pour quitter Chartres.\u00a0J\u2019ai eu un contact avec\u00a0Nantes\u00a0en Pro B, mais c\u2019est\u00a0Mathieu De Saintilan (n\u00b0\u00a085) qui a \u00e9t\u00e9 choisi.\u00a0J\u2019ai continu\u00e9 de chercher notamment\u00a0au Danemark, o\u00f9 j\u2019ai eu plein de propositions. J\u2019ai choisi la plus int\u00e9ressante, \u00e0 savoir \u00e0 Roskilde. Je joue avec Michael\u00a0Maze, m\u00e9daill\u00e9 au JO, et Jens Lundquist (ex n\u00b0\u00a019 mondial), dans la plus haute division du pays. Je vais aussi disputer la Champion\u2019s League. Apr\u00e8s ma signature \u00e0 Roskilde, j\u2019avais trouv\u00e9 mon club principal, mais j\u2019avais besoin de faire plus de matchs car je ne sais pas comment les tournois internationaux vont s\u2019organiser avec la Covid. J\u2019ai appris que Niort n\u2019avait plus de joueurs en N1. Je suis pass\u00e9 par Simon Soulard qui m\u2019a mis en contact avec le club.\u00a0Et \u00e7a s\u2019est fait. Au total, je ferai sept \u00e0 huit rencontres pour Niort.\u00a0\u00bb<\/p>\n<p><strong><span class=\"Interview\">Quelles sont vos ambitions dans le tennis de table ?\u00a0<\/span><\/strong>\u00ab\u00a0J\u2019ai envie de faire les JO avec le Portugal, car j\u2019ai chang\u00e9 de nationalit\u00e9 en d\u00e9cembre puisque ma maman est Portugaise. Au Portugal, il y a davantage\u00a0d\u2019opportunit\u00e9s qu\u2019en France. J\u2019ai d\u00e9j\u00e0 disput\u00e9 les championnats du Portugal o\u00f9 j\u2019ai atteint les demi-finales en battant Carvalho (n\u00b0\u00a0181 mondial) en quarts. Aujourd\u2019hui, je me consacre tous les jours \u00e0 ce projet. Je vis en Su\u00e8de \u00e0\u00a0Eslov, o\u00f9 il y a un bon p\u00f4le d\u2019entra\u00eenement. Je m\u2019entra\u00eene six \u00e0 sept heures par jour avec Truls Moregard (18 ans, vice-champion du monde junior, n\u00b0\u00a0104 mondial).\u00a0\u00bb<\/p>\n","protected":false},"excerpt":{"rendered":"<p>Publi\u00e9 le 23\/09\/2020 Interview Antoine Doyen : \u00a0\u00bb J&rsquo;ai envie de faire les J.O. Antoine Doyen, samedi, face au Hongrois Nandor Ecseki. Recrue phare du Niort TT, Antoine Doyen (n\u00b0\u00a0161 fran\u00e7ais) a disput\u00e9 son premier match samedi \u00e0 domicile sous ses nouvelles couleurs. L\u2019occasion de faire connaissance avec ce gar\u00e7on de 19 ans\u00a0au parcours singulier. [&hellip;]<\/p>\n","protected":false},"author":1,"featured_media":0,"comment_status":"closed","ping_status":"closed","sticky":true,"template":"","format":"standard","meta":{"_uag_custom_page_level_css":"","site-sidebar-layout":"default","site-content-layout":"","ast-site-content-layout":"default","site-content-style":"default","site-sidebar-style":"default","ast-global-header-display":"","ast-banner-title-visibility":"","ast-main-header-display":"","ast-hfb-above-header-display":"","ast-hfb-below-header-display":"","ast-hfb-mobile-header-display":"","site-post-title":"","ast-breadcrumbs-content":"","ast-featured-img":"","footer-sml-layout":"","ast-disable-related-posts":"","theme-transparent-header-meta":"","adv-header-id-meta":"","stick-header-meta":"","header-above-stick-meta":"","header-main-stick-meta":"","header-below-stick-meta":"","astra-migrate-meta-layouts":"default","ast-page-background-enabled":"default","ast-page-background-meta":{"desktop":{"background-color":"var(--ast-global-color-5)","background-image":"","background-repeat":"repeat","background-position":"center center","background-size":"auto","background-attachment":"scroll","background-type":"","background-media":"","overlay-type":"","overlay-color":"","overlay-opacity":"","overlay-gradient":""},"tablet":{"background-color":"","background-image":"","background-repeat":"repeat","background-position":"center center","background-size":"auto","background-attachment":"scroll","background-type":"","background-media":"","overlay-type":"","overlay-color":"","overlay-opacity":"","overlay-gradient":""},"mobile":{"background-color":"","background-image":"","background-repeat":"repeat","background-position":"center center","background-size":"auto","background-attachment":"scroll","background-type":"","background-media":"","overlay-type":"","overlay-color":"","overlay-opacity":"","overlay-gradient":""}},"ast-content-background-meta":{"desktop":{"background-color":"var(--ast-global-color-4)","background-image":"","background-repeat":"repeat","background-position":"center center","background-size":"auto","background-attachment":"scroll","background-type":"","background-media":"","overlay-type":"","overlay-color":"","overlay-opacity":"","overlay-gradient":""},"tablet":{"background-color":"var(--ast-global-color-4)","background-image":"","background-repeat":"repeat","background-position":"center center","background-size":"auto","background-attachment":"scroll","background-type":"","background-media":"","overlay-type":"","overlay-color":"","overlay-opacity":"","overlay-gradient":""},"mobile":{"background-color":"var(--ast-global-color-4)","background-image":"","background-repeat":"repeat","background-position":"center center","background-size":"auto","background-attachment":"scroll","background-type":"","background-media":"","overlay-type":"","overlay-color":"","overlay-opacity":"","overlay-gradient":""}},"_themeisle_gutenberg_block_has_review":false,"footnotes":""},"categories":[1],"tags":[],"class_list":["post-577","post","type-post","status-publish","format-standard","hentry","category-non-classe"],"uagb_featured_image_src":{"full":false,"thumbnail":false,"medium":false,"medium_large":false,"large":false,"1536x1536":false,"2048x2048":false},"uagb_author_info":{"display_name":"anthony.couraud","author_link":"https:\/\/niort-tt.fr\/index.php\/author\/anthony-couraud\/"},"uagb_comment_info":0,"uagb_excerpt":"Publi\u00e9 le 23\/09\/2020 Interview Antoine Doyen : \u00a0\u00bb J&rsquo;ai envie de faire les J.O. Antoine Doyen, samedi, face au Hongrois Nandor Ecseki. Recrue phare du Niort TT, Antoine Doyen (n\u00b0\u00a0161 fran\u00e7ais) a disput\u00e9 son premier match samedi \u00e0 domicile sous ses nouvelles couleurs. L\u2019occasion de faire connaissance avec ce gar\u00e7on de 19 ans\u00a0au parcours singulier.\u2026","_links":{"self":[{"href":"https:\/\/niort-tt.fr\/index.php\/wp-json\/wp\/v2\/posts\/577","targetHints":{"allow":["GET"]}}],"collection":[{"href":"https:\/\/niort-tt.fr\/index.php\/wp-json\/wp\/v2\/posts"}],"about":[{"href":"https:\/\/niort-tt.fr\/index.php\/wp-json\/wp\/v2\/types\/post"}],"author":[{"embeddable":true,"href":"https:\/\/niort-tt.fr\/index.php\/wp-json\/wp\/v2\/users\/1"}],"replies":[{"embeddable":true,"href":"https:\/\/niort-tt.fr\/index.php\/wp-json\/wp\/v2\/comments?post=577"}],"version-history":[{"count":3,"href":"https:\/\/niort-tt.fr\/index.php\/wp-json\/wp\/v2\/posts\/577\/revisions"}],"predecessor-version":[{"id":636,"href":"https:\/\/niort-tt.fr\/index.php\/wp-json\/wp\/v2\/posts\/577\/revisions\/636"}],"wp:attachment":[{"href":"https:\/\/niort-tt.fr\/index.php\/wp-json\/wp\/v2\/media?parent=577"}],"wp:term":[{"taxonomy":"category","embeddable":true,"href":"https:\/\/niort-tt.fr\/index.php\/wp-json\/wp\/v2\/categories?post=577"},{"taxonomy":"post_tag","embeddable":true,"href":"https:\/\/niort-tt.fr\/index.php\/wp-json\/wp\/v2\/tags?post=577"}],"curies":[{"name":"wp","href":"https:\/\/api.w.org\/{rel}","templated":true}]}}