{"id":556,"date":"2020-09-17T08:59:31","date_gmt":"2020-09-17T06:59:31","guid":{"rendered":"http:\/\/niort-tt.fr\/?p=556"},"modified":"2020-09-17T09:03:34","modified_gmt":"2020-09-17T07:03:34","slug":"556","status":"publish","type":"post","link":"https:\/\/niort-tt.fr\/index.php\/556\/non-classe\/","title":{"rendered":""},"content":{"rendered":"<p><img decoding=\"async\" class=\"alignnone wp-image-529 aligncenter\" src=\"https:\/\/niort-tt.fr\/wp-content\/uploads\/2020\/09\/logo.png\" alt=\"\" width=\"167\" height=\"54\" srcset=\"https:\/\/niort-tt.fr\/wp-content\/uploads\/2020\/09\/logo.png 343w, https:\/\/niort-tt.fr\/wp-content\/uploads\/2020\/09\/logo-300x97.png 300w\" sizes=\"(max-width: 167px) 100vw, 167px\" \/><\/p>\n<p style=\"text-align: center;\">Publi\u00e9 le 17<time class=\"ng-binding\" datetime=\"2020-09-09T06:26:36.000+0200\">\/09\/2020<\/time><\/p>\n<h1 class=\"title_page ng-binding ng-scope\" style=\"text-align: center;\"><span style=\"font-size: 24pt;\">Niort tourne une nouvelle page<\/span><\/h1>\n<p style=\"text-align: center;\"><img fetchpriority=\"high\" decoding=\"async\" class=\"alignnone wp-image-557\" src=\"https:\/\/niort-tt.fr\/wp-content\/uploads\/2020\/09\/mathias.jpg\" alt=\"\" width=\"511\" height=\"287\" srcset=\"https:\/\/niort-tt.fr\/wp-content\/uploads\/2020\/09\/mathias.jpg 1020w, https:\/\/niort-tt.fr\/wp-content\/uploads\/2020\/09\/mathias-300x169.jpg 300w, https:\/\/niort-tt.fr\/wp-content\/uploads\/2020\/09\/mathias-768x431.jpg 768w\" sizes=\"(max-width: 511px) 100vw, 511px\" \/><\/p>\n<p style=\"text-align: center;\">\u00c0 15 ans, Mathias Golab va d\u00e9couvrir la Nationale 1.<\/p>\n<div class=\"chapo-wrapper ng-scope\">\n<div class=\"wysiwyg\">\n<div class=\"rubedo-field-inner\">\n<div class=\"ng-scope\">\n<div class=\"ng-scope\">\n<div class=\"ng-scope\">\n<div class=\"chapo ng-scope\">\n<p class=\"ng-binding ng-scope\"><strong>Avec une \u00e9quipe tr\u00e8s jeune et remani\u00e9e cet \u00e9t\u00e9, le Niort TT s\u2019appr\u00eate \u00e0 d\u00e9marrer une nouvelle saison en N1 o\u00f9 l\u2019objectif maintien sera le ma\u00eetre mot.<\/strong><\/p>\n<\/div>\n<\/div>\n<\/div>\n<\/div>\n<\/div>\n<\/div>\n<\/div>\n<div>\n<div class=\"wysiwyg paywall clearfix\">\n<div class=\"rubedo-field-inner\">\n<div class=\"ng-scope\">\n<div class=\"ng-scope\">\n<div class=\"wrapper-rubedo-field ng-scope\">\n<div class=\"rubedo-field-inner\">\n<div class=\"ng-scope\">\n<div class=\"ng-scope\"><em class=\"ng-scope\">On a l\u2019\u00e9quipe la plus jeune de France<\/em><span class=\"ng-scope\">, lance fi\u00e8rement Yoann Baribaud, le nouveau copr\u00e9sident du Niort TT. \u00c0 deux jours du d\u00e9but du championnat de N1, le club\u00a0niortais aborde une nouvelle page de son histoire dans un contexte sanitaire compliqu\u00e9.\u00a0En coulisses, les historiques Jean Pillet (pr\u00e9sident) et Paul Braud (tr\u00e9sorier) ont tir\u00e9 leur r\u00e9v\u00e9rence. Yoann Baribaud et Philippe Arcourt ont\u00a0pris la t\u00eate du club, Olivier Moinard s\u2019installant \u00e0\u00a0la tr\u00e9sorerie.<\/span><br class=\"ng-scope\" \/><strong><span class=\"Relance ng-scope\">Du lourd pour d\u00e9marrer<\/span><\/strong><\/div>\n<div class=\"ng-scope\"><span class=\"ng-scope\">C\u00f4t\u00e9 table, Ga\u00ebtan Renaudon, Simon Soulard, Cl\u00e9ment Giret et Th\u00e9o Gu\u00e9ry, les quatre meilleurs joueurs du club, ont quitt\u00e9 le navire apr\u00e8s de nombreuses saisons de bons et loyaux services.\u00a0<\/span><em class=\"ng-scope\">\u00ab\u00a0On ne s\u2019est pas mis d\u2019accord financi\u00e8rement avec eux\u00a0\u00bb<\/em><span class=\"ng-scope\">, explique Yoann Baribaud, qui pr\u00e9f\u00e8re se tourner vers\u00a0cette saison de N1.<\/span><br class=\"ng-scope\" \/><span class=\"ng-scope\">Pour composer une \u00e9quipe vid\u00e9e de son sang, Niort a pioch\u00e9 trois joueurs dans sa r\u00e9serve, tout en ne r\u00e9engageant pas sa N2.<\/span><em class=\"ng-scope\">\u00a0\u00ab\u00a0On a aussi recrut\u00e9 deux bons jeunes, Antoine Doyen (n\u00b0), 19 ans et Nicolas Blandin (n\u00b0\u00a0558), 18 ans. Malheureusement, Antoine, qui joue aussi en Su\u00e8de et au Danemark, ne pourra pas disputer tous les matchs. Il vit au Danemark et risque de se retrouver bloqu\u00e9 au Danemark ou en France \u00e0 cause de la Covid-19 s&rsquo;il vient jouer pour nous\u00a0\u00bb<\/em><span class=\"ng-scope\">, \u00e9voque Baribaud.\u00a0<\/span><em class=\"ng-scope\">\u00ab\u00a0\u00c7a va \u00eatre difficile car la poule est\u00a0relev\u00e9e,\u00a0<\/em><span class=\"ng-scope\">ajoute le coach Alin Bobonete.\u00a0<\/span><em class=\"ng-scope\">On\u00a0va faire monter\u00a0deux jeunes de N2, form\u00e9s au club\u00a0: Bikindou (16 ans) et Golab (15 ans). C\u2019est une belle exp\u00e9rience pour tout le monde, pour eux comme\u00a0pour moi. Je vais\u00a0jouer, car nos deux recrues ne peuvent \u00eatre align\u00e9es ensemble lors de la premi\u00e8re phase.\u00a0\u00bb<\/em><br class=\"ng-scope\" \/><span class=\"ng-scope\">Pour esp\u00e9rer se maintenir, Niort a cibl\u00e9 deux \u00e9quipes, moins arm\u00e9es que les autres\u00a0: Abbeville et Le Canet.\u00a0<\/span><em class=\"ng-scope\">\u00ab\u00a0Malheureusement, Antoine Doyen (n\u00b0\u00a0161) ne sera pas disponible sur ces matchs\u00a0<\/em><span class=\"ng-scope\">\u00bb, regrette le technicien.\u00a0On comprend que la mission maintien s\u2019annonce tr\u00e8s compliqu\u00e9e, d\u2019autant que l\u2019opposition sera redoutable, \u00e0 l\u2019image de Saint-Pierre, l\u2019adversaire du week-end, qui vient d\u2019engager Bojan Tokic (n\u00b0\u00a065 mondial), et de Lille, qui a recrut\u00e9 Jao Monteiro (n\u00b0\u00a080 mondial).\u00a0<\/span><br class=\"ng-scope\" \/><strong><span class=\"Intertitre ng-scope\">Mouvements et effectif\u00a0<\/span><\/strong><\/div>\n<div class=\"ng-scope\"><strong class=\"ng-scope\">Arriv\u00e9es\u00a0:\u00a0<\/strong><span class=\"ng-scope\">Antoine Doyen (C\u2019Chartres, n\u00b0\u00a0161), Nicolas Blandin (D\u00e9ols, n\u00b0\u00a0558).<\/span><br class=\"ng-scope\" \/><strong class=\"ng-scope\">D\u00e9parts\u00a0:<\/strong><span class=\"ng-scope\">\u00a0Ga\u00ebtan Renaudon (Fouras, n\u00b0\u00a0169), Simon Soulard (TTGF Angoul\u00eame, n\u00b0\u00a0198), Cl\u00e9ment Giret (Courbevoie, n\u00b0\u00a0327), Th\u00e9o Gu\u00e9ry (Angers Vaillante, n\u00b0\u00a0311).<\/span><br class=\"ng-scope\" \/><strong class=\"ng-scope\">Effectif\u00a0:\u00a0<\/strong><span class=\"ng-scope\">Antoine Doyen (n\u00b0\u00a0161, 2.560 pts), Nicolas Blandin (n\u00b0\u00a0558, 2.214 pts), Thomas Bikindou (n\u00b0\u00a0356, 2.342 pts), Mathias Golab (n\u00b0\u00a0503, 2.241 pts), Alin Bobonete (n\u00b0\u00a0348, 2.352 pts).<\/span><br class=\"ng-scope\" \/><span class=\"Memo ng-scope\">Niort TT\u00a0&#8211; Ent.\u00a0Saint-Pierraise, samedi \u00e0 17\u00a0heures.<\/span><\/div>\n<\/div>\n<\/div>\n<\/div>\n<\/div>\n<\/div>\n<\/div>\n<\/div>\n<\/div>\n<div><\/div>\n<div><\/div>\n<div><\/div>\n","protected":false},"excerpt":{"rendered":"<p>Publi\u00e9 le 17\/09\/2020 Niort tourne une nouvelle page \u00c0 15 ans, Mathias Golab va d\u00e9couvrir la Nationale 1. Avec une \u00e9quipe tr\u00e8s jeune et remani\u00e9e cet \u00e9t\u00e9, le Niort TT s\u2019appr\u00eate \u00e0 d\u00e9marrer une nouvelle saison en N1 o\u00f9 l\u2019objectif maintien sera le ma\u00eetre mot. On a l\u2019\u00e9quipe la plus jeune de France, lance fi\u00e8rement [&hellip;]<\/p>\n","protected":false},"author":1,"featured_media":0,"comment_status":"closed","ping_status":"closed","sticky":true,"template":"","format":"standard","meta":{"_uag_custom_page_level_css":"","site-sidebar-layout":"default","site-content-layout":"","ast-site-content-layout":"default","site-content-style":"default","site-sidebar-style":"default","ast-global-header-display":"","ast-banner-title-visibility":"","ast-main-header-display":"","ast-hfb-above-header-display":"","ast-hfb-below-header-display":"","ast-hfb-mobile-header-display":"","site-post-title":"","ast-breadcrumbs-content":"","ast-featured-img":"","footer-sml-layout":"","ast-disable-related-posts":"","theme-transparent-header-meta":"","adv-header-id-meta":"","stick-header-meta":"","header-above-stick-meta":"","header-main-stick-meta":"","header-below-stick-meta":"","astra-migrate-meta-layouts":"default","ast-page-background-enabled":"default","ast-page-background-meta":{"desktop":{"background-color":"var(--ast-global-color-5)","background-image":"","background-repeat":"repeat","background-position":"center center","background-size":"auto","background-attachment":"scroll","background-type":"","background-media":"","overlay-type":"","overlay-color":"","overlay-opacity":"","overlay-gradient":""},"tablet":{"background-color":"","background-image":"","background-repeat":"repeat","background-position":"center center","background-size":"auto","background-attachment":"scroll","background-type":"","background-media":"","overlay-type":"","overlay-color":"","overlay-opacity":"","overlay-gradient":""},"mobile":{"background-color":"","background-image":"","background-repeat":"repeat","background-position":"center center","background-size":"auto","background-attachment":"scroll","background-type":"","background-media":"","overlay-type":"","overlay-color":"","overlay-opacity":"","overlay-gradient":""}},"ast-content-background-meta":{"desktop":{"background-color":"var(--ast-global-color-4)","background-image":"","background-repeat":"repeat","background-position":"center center","background-size":"auto","background-attachment":"scroll","background-type":"","background-media":"","overlay-type":"","overlay-color":"","overlay-opacity":"","overlay-gradient":""},"tablet":{"background-color":"var(--ast-global-color-4)","background-image":"","background-repeat":"repeat","background-position":"center center","background-size":"auto","background-attachment":"scroll","background-type":"","background-media":"","overlay-type":"","overlay-color":"","overlay-opacity":"","overlay-gradient":""},"mobile":{"background-color":"var(--ast-global-color-4)","background-image":"","background-repeat":"repeat","background-position":"center center","background-size":"auto","background-attachment":"scroll","background-type":"","background-media":"","overlay-type":"","overlay-color":"","overlay-opacity":"","overlay-gradient":""}},"_themeisle_gutenberg_block_has_review":false,"footnotes":""},"categories":[1],"tags":[],"class_list":["post-556","post","type-post","status-publish","format-standard","hentry","category-non-classe"],"uagb_featured_image_src":{"full":false,"thumbnail":false,"medium":false,"medium_large":false,"large":false,"1536x1536":false,"2048x2048":false},"uagb_author_info":{"display_name":"anthony.couraud","author_link":"https:\/\/niort-tt.fr\/index.php\/author\/anthony-couraud\/"},"uagb_comment_info":0,"uagb_excerpt":"Publi\u00e9 le 17\/09\/2020 Niort tourne une nouvelle page \u00c0 15 ans, Mathias Golab va d\u00e9couvrir la Nationale 1. Avec une \u00e9quipe tr\u00e8s jeune et remani\u00e9e cet \u00e9t\u00e9, le Niort TT s\u2019appr\u00eate \u00e0 d\u00e9marrer une nouvelle saison en N1 o\u00f9 l\u2019objectif maintien sera le ma\u00eetre mot. On a l\u2019\u00e9quipe la plus jeune de France, lance fi\u00e8rement\u2026","_links":{"self":[{"href":"https:\/\/niort-tt.fr\/index.php\/wp-json\/wp\/v2\/posts\/556","targetHints":{"allow":["GET"]}}],"collection":[{"href":"https:\/\/niort-tt.fr\/index.php\/wp-json\/wp\/v2\/posts"}],"about":[{"href":"https:\/\/niort-tt.fr\/index.php\/wp-json\/wp\/v2\/types\/post"}],"author":[{"embeddable":true,"href":"https:\/\/niort-tt.fr\/index.php\/wp-json\/wp\/v2\/users\/1"}],"replies":[{"embeddable":true,"href":"https:\/\/niort-tt.fr\/index.php\/wp-json\/wp\/v2\/comments?post=556"}],"version-history":[{"count":2,"href":"https:\/\/niort-tt.fr\/index.php\/wp-json\/wp\/v2\/posts\/556\/revisions"}],"predecessor-version":[{"id":559,"href":"https:\/\/niort-tt.fr\/index.php\/wp-json\/wp\/v2\/posts\/556\/revisions\/559"}],"wp:attachment":[{"href":"https:\/\/niort-tt.fr\/index.php\/wp-json\/wp\/v2\/media?parent=556"}],"wp:term":[{"taxonomy":"category","embeddable":true,"href":"https:\/\/niort-tt.fr\/index.php\/wp-json\/wp\/v2\/categories?post=556"},{"taxonomy":"post_tag","embeddable":true,"href":"https:\/\/niort-tt.fr\/index.php\/wp-json\/wp\/v2\/tags?post=556"}],"curies":[{"name":"wp","href":"https:\/\/api.w.org\/{rel}","templated":true}]}}