{"id":4162,"date":"2026-09-03T09:32:21","date_gmt":"2026-09-03T07:32:21","guid":{"rendered":"https:\/\/niort-tt.fr\/?p=4162"},"modified":"2026-09-03T09:37:05","modified_gmt":"2026-09-03T07:37:05","slug":"elementor-4162","status":"publish","type":"post","link":"https:\/\/niort-tt.fr\/index.php\/elementor-4162\/non-classe\/","title":{"rendered":"Elementor #4162"},"content":{"rendered":"\t\t<div data-elementor-type=\"wp-post\" data-elementor-id=\"4162\" class=\"elementor elementor-4162\">\n\t\t\t\t<div class=\"elementor-element elementor-element-0ec2e61 e-flex e-con-boxed e-con e-parent\" data-id=\"0ec2e61\" data-element_type=\"container\" data-e-type=\"container\">\n\t\t\t\t\t<div class=\"e-con-inner\">\n\t\t\t\t<div class=\"elementor-element elementor-element-cc1d30f elementor-widget elementor-widget-text-editor\" data-id=\"cc1d30f\" data-element_type=\"widget\" data-e-type=\"widget\" data-widget_type=\"text-editor.default\">\n\t\t\t\t\t\t\t\t\t<h1><span style=\"font-family: helvetica, arial, sans-serif; color: #000000;\"><img decoding=\"async\" class=\"emoji\" role=\"img\" draggable=\"false\" src=\"https:\/\/s.w.org\/images\/core\/emoji\/17.0.2\/svg\/1f3d3.svg\" alt=\"\ud83c\udfd3\" \/> Un \u00e9t\u00e9 bien anim\u00e9 au Niort TT !<\/span><\/h1><p class=\"isSelectedEnd\"><span style=\"font-family: helvetica, arial, sans-serif; color: #000000;\">M\u00eame pendant la pause estivale, le Niort TT n\u2019a pas ch\u00f4m\u00e9 ! Entre les animations, les stages, les comp\u00e9titions et la pr\u00e9paration de la nouvelle saison, l\u2019\u00e9t\u00e9 a \u00e9t\u00e9 bien rempli. Retour sur les derni\u00e8res semaines et les rendez-vous \u00e0 venir.<\/span><\/p><h2><span style=\"font-family: helvetica, arial, sans-serif; color: #000000;\"><img decoding=\"async\" class=\"emoji\" role=\"img\" draggable=\"false\" src=\"https:\/\/s.w.org\/images\/core\/emoji\/17.0.2\/svg\/1f4f0.svg\" alt=\"\ud83d\udcf0\" \/> G\u00e9d\u00e9on n\u00b0359<\/span><\/h2><p class=\"isSelectedEnd\"><span style=\"font-family: helvetica, arial, sans-serif; color: #000000;\">Le dernier num\u00e9ro de <strong>G\u00e9d\u00e9on<\/strong>, la lettre d\u2019information du club, est disponible.<\/span><\/p><p class=\"isSelectedEnd\"><span style=\"font-family: helvetica, arial, sans-serif; color: #000000;\">Vous y retrouverez notamment les derni\u00e8res informations de la fin de saison, les r\u00e9sultats et les premi\u00e8res informations concernant la saison 2026-2027.<\/span><\/p><p class=\"isSelectedEnd\"><span style=\"font-family: helvetica, arial, sans-serif; color: #000000;\"><img decoding=\"async\" class=\"emoji\" role=\"img\" draggable=\"false\" src=\"https:\/\/s.w.org\/images\/core\/emoji\/17.0.2\/svg\/1f449.svg\" alt=\"\ud83d\udc49\" \/> <strong>Lire le <span style=\"font-family: helvetica, arial, sans-serif; color: #000000;\"><a style=\"color: #000000;\" href=\"https:\/\/niort-tt.fr\/wp-content\/uploads\/2026\/09\/Gedeon-n\u00b0359.pdf\" target=\"_blank\" rel=\"noopener\">G\u00e9d\u00e9on n\u00b0359<\/a><\/span><\/strong><\/span><\/p><hr \/><h2><span style=\"font-family: helvetica, arial, sans-serif; color: #000000;\"><img decoding=\"async\" class=\"emoji\" role=\"img\" draggable=\"false\" src=\"https:\/\/s.w.org\/images\/core\/emoji\/17.0.2\/svg\/1f3d6.svg\" alt=\"\ud83c\udfd6\ufe0f\" \/> Niort Plage : le Niort TT au Pr\u00e9-Leroy<\/span><\/h2><p class=\"isSelectedEnd\"><span style=\"font-family: helvetica, arial, sans-serif; color: #000000;\">Le Niort TT a \u00e9t\u00e9 pr\u00e9sent durant plusieurs semaines cet \u00e9t\u00e9 sur l\u2019animation annuelle <strong>Niort Plage<\/strong>, au Pr\u00e9-Leroy.<\/span><\/p><p class=\"isSelectedEnd\"><span style=\"color: #000000; font-family: helvetica, arial, sans-serif; font-style: inherit; font-weight: inherit;\">Une belle occasion de faire d\u00e9couvrir et pratiquer le tennis de table au public niortais dans une ambiance estivale et conviviale.<\/span><\/p><p class=\"isSelectedEnd\"><span style=\"font-family: helvetica, arial, sans-serif; color: #000000;\">Un grand merci \u00e0 nos \u00e9ducateurs salari\u00e9s pour leur pr\u00e9sence et leur investissement tout au long de l\u2019\u00e9t\u00e9 : <strong>Arthur en juillet et Alin en ao\u00fbt<\/strong> !<\/span><\/p><hr \/><h2><span style=\"font-family: helvetica, arial, sans-serif; color: #000000;\"><img decoding=\"async\" class=\"emoji\" role=\"img\" draggable=\"false\" src=\"https:\/\/s.w.org\/images\/core\/emoji\/17.0.2\/svg\/1f3d3.svg\" alt=\"\ud83c\udfd3\" \/> Une belle reprise avec les stages<\/span><\/h2><p>\u00a0<img fetchpriority=\"high\" decoding=\"async\" class=\"alignnone size-large wp-image-4166\" src=\"https:\/\/niort-tt.fr\/wp-content\/uploads\/2026\/09\/IMG_20260827_155859-1024x768.jpg\" alt=\"\" width=\"1024\" height=\"768\" srcset=\"https:\/\/niort-tt.fr\/wp-content\/uploads\/2026\/09\/IMG_20260827_155859-1024x768.jpg 1024w, https:\/\/niort-tt.fr\/wp-content\/uploads\/2026\/09\/IMG_20260827_155859-300x225.jpg 300w, https:\/\/niort-tt.fr\/wp-content\/uploads\/2026\/09\/IMG_20260827_155859-768x576.jpg 768w, https:\/\/niort-tt.fr\/wp-content\/uploads\/2026\/09\/IMG_20260827_155859-1536x1152.jpg 1536w, https:\/\/niort-tt.fr\/wp-content\/uploads\/2026\/09\/IMG_20260827_155859-2048x1536.jpg 2048w\" sizes=\"(max-width: 1024px) 100vw, 1024px\" \/><\/p><p><img decoding=\"async\" class=\"alignnone size-large wp-image-4167\" src=\"https:\/\/niort-tt.fr\/wp-content\/uploads\/2026\/09\/IMG_20260827_155752-1-1024x768.jpg\" alt=\"\" width=\"1024\" height=\"768\" srcset=\"https:\/\/niort-tt.fr\/wp-content\/uploads\/2026\/09\/IMG_20260827_155752-1-1024x768.jpg 1024w, https:\/\/niort-tt.fr\/wp-content\/uploads\/2026\/09\/IMG_20260827_155752-1-300x225.jpg 300w, https:\/\/niort-tt.fr\/wp-content\/uploads\/2026\/09\/IMG_20260827_155752-1-768x576.jpg 768w, https:\/\/niort-tt.fr\/wp-content\/uploads\/2026\/09\/IMG_20260827_155752-1-1536x1152.jpg 1536w, https:\/\/niort-tt.fr\/wp-content\/uploads\/2026\/09\/IMG_20260827_155752-1-2048x1536.jpg 2048w\" sizes=\"(max-width: 1024px) 100vw, 1024px\" \/><\/p><p class=\"isSelectedEnd\"><span style=\"font-family: helvetica, arial, sans-serif; color: #000000;\">La reprise sportive a commenc\u00e9 avec deux semaines de stages particuli\u00e8rement bien fr\u00e9quent\u00e9es.<\/span><\/p><p class=\"isSelectedEnd\"><span style=\"font-family: helvetica, arial, sans-serif; color: #000000;\">La premi\u00e8re semaine, du <strong>17 au 21 ao\u00fbt<\/strong>, a r\u00e9uni en moyenne <strong>28 joueurs par jour<\/strong>.<\/span><\/p><p class=\"isSelectedEnd\"><span style=\"font-family: helvetica, arial, sans-serif; color: #000000;\">La deuxi\u00e8me semaine, du <strong>24 au 28 ao\u00fbt<\/strong>, la fr\u00e9quentation est encore mont\u00e9e avec une moyenne de <strong>40 joueurs par jour<\/strong> !<\/span><\/p><p class=\"isSelectedEnd\"><span style=\"font-family: helvetica, arial, sans-serif; color: #000000;\">Une belle dynamique pour lancer cette nouvelle saison et retrouver progressivement le rythme de la comp\u00e9tition.<\/span><\/p><p class=\"isSelectedEnd\"><span style=\"font-family: helvetica, arial, sans-serif; color: #000000;\">Un grand merci \u00e0 nos <strong>trois \u00e9ducateurs, Alin, Arthur et Timoth\u00e9e<\/strong>, pour l\u2019encadrement de ces stages, ainsi qu\u2019\u00e0 nos deux jeunes joueurs <strong>Ilane Pirat et Aur\u00e9lien Vibert<\/strong>, qui sont venus apporter leur aide tout au long de ces journ\u00e9es.<\/span><\/p><p><span style=\"font-family: helvetica, arial, sans-serif; color: #000000;\"><strong>Merci \u00e0 tous pour votre investissement ! \ud83d\udc4f\ud83c\udfd3<\/strong><\/span><\/p><hr \/><h2><span style=\"font-family: helvetica, arial, sans-serif; color: #000000;\"><img decoding=\"async\" class=\"emoji\" role=\"img\" draggable=\"false\" src=\"https:\/\/s.w.org\/images\/core\/emoji\/17.0.2\/svg\/1f3c6.svg\" alt=\"\ud83c\udfc6\" \/> Camille Sauvetre aux Eurominichamp\u2019s 2026<\/span><\/h2><p><img decoding=\"async\" class=\"alignnone size-large wp-image-4164\" src=\"https:\/\/niort-tt.fr\/wp-content\/uploads\/2026\/09\/Camille-Arthur-EMC-2026-1024x1024.jpg\" alt=\"\" width=\"1024\" height=\"1024\" srcset=\"https:\/\/niort-tt.fr\/wp-content\/uploads\/2026\/09\/Camille-Arthur-EMC-2026-1024x1024.jpg 1024w, https:\/\/niort-tt.fr\/wp-content\/uploads\/2026\/09\/Camille-Arthur-EMC-2026-300x300.jpg 300w, https:\/\/niort-tt.fr\/wp-content\/uploads\/2026\/09\/Camille-Arthur-EMC-2026-150x150.jpg 150w, https:\/\/niort-tt.fr\/wp-content\/uploads\/2026\/09\/Camille-Arthur-EMC-2026-768x768.jpg 768w, https:\/\/niort-tt.fr\/wp-content\/uploads\/2026\/09\/Camille-Arthur-EMC-2026.jpg 1080w\" sizes=\"(max-width: 1024px) 100vw, 1024px\" \/><\/p><p class=\"isSelectedEnd\"><span style=\"font-family: helvetica, arial, sans-serif; color: #000000;\">Du <strong>28 au 31 ao\u00fbt<\/strong>, les Eurominichamp\u2019s se sont d\u00e9roul\u00e9s comme chaque ann\u00e9e \u00e0 <strong>Schiltigheim (67)<\/strong>.<\/span><\/p><p class=\"isSelectedEnd\"><span style=\"font-family: helvetica, arial, sans-serif; color: #000000;\">Pour sa premi\u00e8re participation, <strong>Camille Sauvetre<\/strong> a v\u00e9cu une comp\u00e9tition intense et riche en exp\u00e9rience. Apr\u00e8s les diff\u00e9rentes phases de poules, elle termine <strong>1\u00e8re de sa poule de consolante avec 5 victoires<\/strong> et se classe finalement <strong>11e du tableau consolante<\/strong>.<\/span><\/p><p class=\"isSelectedEnd\"><span style=\"font-family: helvetica, arial, sans-serif; color: #000000;\">Une belle exp\u00e9rience et des choses encourageantes avant le d\u00e9but de la saison.<\/span><\/p><p class=\"isSelectedEnd\"><span style=\"font-family: helvetica, arial, sans-serif; color: #000000;\"><strong>Bravo Camille ! <img decoding=\"async\" class=\"emoji\" role=\"img\" draggable=\"false\" src=\"https:\/\/s.w.org\/images\/core\/emoji\/17.0.2\/svg\/1f44f.svg\" alt=\"\ud83d\udc4f\" \/><\/strong><\/span><\/p><p class=\"isSelectedEnd\"><span style=\"font-family: helvetica, arial, sans-serif; color: #000000;\">Merci \u00e9galement \u00e0 <strong>Arthur<\/strong> pour son accompagnement et son coaching durant le week-end.<\/span><\/p><hr \/><h2><span style=\"font-family: helvetica, arial, sans-serif; color: #000000;\"><img decoding=\"async\" class=\"emoji\" role=\"img\" draggable=\"false\" src=\"https:\/\/s.w.org\/images\/core\/emoji\/17.0.2\/svg\/1f44b.svg\" alt=\"\ud83d\udc4b\" \/> Bienvenue \u00e0 Timoth\u00e9e !<\/span><\/h2><p><img loading=\"lazy\" decoding=\"async\" class=\"size-large wp-image-4163 aligncenter\" src=\"https:\/\/niort-tt.fr\/wp-content\/uploads\/2026\/09\/Timothee-1024x1024.jpg\" alt=\"\" width=\"1024\" height=\"1024\" srcset=\"https:\/\/niort-tt.fr\/wp-content\/uploads\/2026\/09\/Timothee-1024x1024.jpg 1024w, https:\/\/niort-tt.fr\/wp-content\/uploads\/2026\/09\/Timothee-300x300.jpg 300w, https:\/\/niort-tt.fr\/wp-content\/uploads\/2026\/09\/Timothee-150x150.jpg 150w, https:\/\/niort-tt.fr\/wp-content\/uploads\/2026\/09\/Timothee-768x768.jpg 768w, https:\/\/niort-tt.fr\/wp-content\/uploads\/2026\/09\/Timothee.jpg 1080w\" sizes=\"(max-width: 1024px) 100vw, 1024px\" \/><\/p><p class=\"isSelectedEnd\"><span style=\"font-family: helvetica, arial, sans-serif; color: #000000;\">Le Niort TT accueille cette saison un nouvel \u00e9ducateur en formation <strong>BPJEPS Tennis de Table<\/strong> : <strong>Timoth\u00e9e L\u00c9ZIE<\/strong>.<\/span><\/p><p class=\"isSelectedEnd\"><span style=\"font-family: helvetica, arial, sans-serif; color: #000000;\">\u00c0 tout juste <strong>18 ans<\/strong>, Timoth\u00e9e nous arrive du club de <strong>l\u2019APB Outreau<\/strong>, dans le Nord de la France.<\/span><\/p><p class=\"isSelectedEnd\"><span style=\"font-family: helvetica, arial, sans-serif; color: #000000;\">Tr\u00e8s motiv\u00e9 par ce nouveau challenge, il \u00e9tait d\u00e9j\u00e0 pr\u00e9sent toute la semaine lors de la deuxi\u00e8me semaine du stage de reprise.<\/span><\/p><p class=\"isSelectedEnd\"><span style=\"font-family: helvetica, arial, sans-serif; color: #000000;\">Le Niort TT est tr\u00e8s heureux de l\u2019accueillir et lui souhaite une excellente formation !<\/span><\/p><p class=\"isSelectedEnd\"><span style=\"font-family: helvetica, arial, sans-serif; color: #000000;\"><strong>Bienvenue Timoth\u00e9e ! <img decoding=\"async\" class=\"emoji\" role=\"img\" draggable=\"false\" src=\"https:\/\/s.w.org\/images\/core\/emoji\/17.0.2\/svg\/1f3d3.svg\" alt=\"\ud83c\udfd3\" \/><\/strong><\/span><\/p><hr \/><h2><span style=\"font-family: helvetica, arial, sans-serif; color: #000000;\"><img decoding=\"async\" class=\"emoji\" role=\"img\" draggable=\"false\" src=\"https:\/\/s.w.org\/images\/core\/emoji\/17.0.2\/svg\/1f4c5.svg\" alt=\"\ud83d\udcc5\" \/> Assembl\u00e9e G\u00e9n\u00e9rale \u2013 Mercredi 9 septembre<\/span><\/h2><p class=\"isSelectedEnd\"><span style=\"font-family: helvetica, arial, sans-serif; color: #000000;\">L\u2019Assembl\u00e9e G\u00e9n\u00e9rale du club, initialement pr\u00e9vue en juin et report\u00e9e en raison des fortes chaleurs, aura lieu le <strong>mercredi 9 septembre 2026 \u00e0 18h30 \u00e0 la salle<\/strong>.<\/span><\/p><p class=\"isSelectedEnd\"><span style=\"font-family: helvetica, arial, sans-serif; color: #000000;\">Tous les licenci\u00e9s, leurs familles ainsi que nos partenaires publics et priv\u00e9s sont invit\u00e9s \u00e0 participer \u00e0 ce moment important de la vie du club.<\/span><\/p><p class=\"isSelectedEnd\"><span style=\"font-family: helvetica, arial, sans-serif; color: #000000;\">Au programme : <strong>bilan de la saison \u00e9coul\u00e9e, projets pour la nouvelle saison, remise de r\u00e9compenses et \u00e9lections au Comit\u00e9 Directeur<\/strong>.<\/span><\/p><p class=\"isSelectedEnd\"><span style=\"font-family: helvetica, arial, sans-serif; color: #000000;\">La soir\u00e9e se terminera par un verre et un buffet de l\u2019amiti\u00e9.<\/span><\/p><p class=\"isSelectedEnd\"><span style=\"font-family: helvetica, arial, sans-serif; color: #000000;\"><strong>Nous comptons sur votre pr\u00e9sence !<\/strong><\/span><\/p><hr \/><h2><span style=\"font-family: helvetica, arial, sans-serif; color: #000000;\"><img decoding=\"async\" class=\"emoji\" role=\"img\" draggable=\"false\" src=\"https:\/\/s.w.org\/images\/core\/emoji\/17.0.2\/svg\/1f4dd.svg\" alt=\"\ud83d\udcdd\" \/> Permanences inscriptions \/ r\u00e9inscriptions<\/span><\/h2><p class=\"isSelectedEnd\"><span style=\"font-family: helvetica, arial, sans-serif; color: #000000;\">Les permanences pour les inscriptions et r\u00e9inscriptions se poursuivent au club :<\/span><\/p><ul data-spread=\"false\"><li><span style=\"font-family: helvetica, arial, sans-serif; color: #000000;\"><strong>Vendredi 4 septembre<\/strong> : 16h45 \u2013 19h30<\/span><\/li><li><span style=\"font-family: helvetica, arial, sans-serif; color: #000000;\"><strong>Mercredi 9 septembre<\/strong> : <span style=\"color: #ff0000;\">16h45 \u2013 18h30<\/span><\/span><\/li><li><span style=\"font-family: helvetica, arial, sans-serif; color: #000000;\"><strong>Vendredi 11 septembre<\/strong> : 16h45 \u2013 19h30<\/span><\/li><\/ul><p class=\"isSelectedEnd\"><span style=\"font-family: helvetica, arial, sans-serif; color: #000000;\">N\u2019h\u00e9sitez pas \u00e0 venir nous rencontrer si vous avez des questions concernant votre inscription ou votre r\u00e9inscription.<\/span><\/p><hr \/><h2><span style=\"font-family: helvetica, arial, sans-serif; color: #000000;\"><img decoding=\"async\" class=\"emoji\" role=\"img\" draggable=\"false\" src=\"https:\/\/s.w.org\/images\/core\/emoji\/17.0.2\/svg\/1f3d3.svg\" alt=\"\ud83c\udfd3\" \/> Place \u00e0 la nouvelle saison !<\/span><\/h2><p class=\"isSelectedEnd\"><span style=\"font-family: helvetica, arial, sans-serif; color: #000000;\">Apr\u00e8s un \u00e9t\u00e9 bien rempli, la saison <strong>2026-2027<\/strong> est d\u00e9sormais lanc\u00e9e.<\/span><\/p><p class=\"isSelectedEnd\"><span style=\"font-family: helvetica, arial, sans-serif; color: #000000;\">Merci \u00e0 toutes celles et ceux qui ont particip\u00e9 aux diff\u00e9rentes actions du club durant l\u2019\u00e9t\u00e9 et rendez-vous tr\u00e8s bient\u00f4t dans les salles du <strong>Niort TT<\/strong> !<\/span><\/p><p><span style=\"font-family: helvetica, arial, sans-serif; color: #000000;\"><strong>Bonne rentr\u00e9e sportive \u00e0 toutes et \u00e0 tous !<\/strong><\/span><\/p>\t\t\t\t\t\t\t\t<\/div>\n\t\t\t\t\t<\/div>\n\t\t\t\t<\/div>\n\t\t\t\t<\/div>\n\t\t","protected":false},"excerpt":{"rendered":"<p>Un \u00e9t\u00e9 bien anim\u00e9 au Niort TT ! M\u00eame pendant la pause estivale, le Niort TT n\u2019a pas ch\u00f4m\u00e9 ! Entre les animations, les stages, les comp\u00e9titions et la pr\u00e9paration de la nouvelle saison, l\u2019\u00e9t\u00e9 a \u00e9t\u00e9 bien rempli. Retour sur les derni\u00e8res semaines et les rendez-vous \u00e0 venir. G\u00e9d\u00e9on n\u00b0359 Le dernier num\u00e9ro de [&hellip;]<\/p>\n","protected":false},"author":1,"featured_media":0,"comment_status":"closed","ping_status":"closed","sticky":true,"template":"","format":"aside","meta":{"_uag_custom_page_level_css":"","site-sidebar-layout":"default","site-content-layout":"","ast-site-content-layout":"default","site-content-style":"default","site-sidebar-style":"default","ast-global-header-display":"","ast-banner-title-visibility":"","ast-main-header-display":"","ast-hfb-above-header-display":"","ast-hfb-below-header-display":"","ast-hfb-mobile-header-display":"","site-post-title":"","ast-breadcrumbs-content":"","ast-featured-img":"","footer-sml-layout":"","ast-disable-related-posts":"","theme-transparent-header-meta":"default","adv-header-id-meta":"","stick-header-meta":"","header-above-stick-meta":"","header-main-stick-meta":"","header-below-stick-meta":"","astra-migrate-meta-layouts":"set","ast-page-background-enabled":"default","ast-page-background-meta":{"desktop":{"background-color":"var(--ast-global-color-5)","background-image":"","background-repeat":"repeat","background-position":"center center","background-size":"auto","background-attachment":"scroll","background-type":"","background-media":"","overlay-type":"","overlay-color":"","overlay-opacity":"","overlay-gradient":""},"tablet":{"background-color":"","background-image":"","background-repeat":"repeat","background-position":"center center","background-size":"auto","background-attachment":"scroll","background-type":"","background-media":"","overlay-type":"","overlay-color":"","overlay-opacity":"","overlay-gradient":""},"mobile":{"background-color":"","background-image":"","background-repeat":"repeat","background-position":"center center","background-size":"auto","background-attachment":"scroll","background-type":"","background-media":"","overlay-type":"","overlay-color":"","overlay-opacity":"","overlay-gradient":""}},"ast-content-background-meta":{"desktop":{"background-color":"var(--ast-global-color-4)","background-image":"","background-repeat":"repeat","background-position":"center center","background-size":"auto","background-attachment":"scroll","background-type":"","background-media":"","overlay-type":"","overlay-color":"","overlay-opacity":"","overlay-gradient":""},"tablet":{"background-color":"var(--ast-global-color-4)","background-image":"","background-repeat":"repeat","background-position":"center center","background-size":"auto","background-attachment":"scroll","background-type":"","background-media":"","overlay-type":"","overlay-color":"","overlay-opacity":"","overlay-gradient":""},"mobile":{"background-color":"var(--ast-global-color-4)","background-image":"","background-repeat":"repeat","background-position":"center center","background-size":"auto","background-attachment":"scroll","background-type":"","background-media":"","overlay-type":"","overlay-color":"","overlay-opacity":"","overlay-gradient":""}},"_themeisle_gutenberg_block_has_review":false,"footnotes":""},"categories":[1],"tags":[],"class_list":["post-4162","post","type-post","status-publish","format-aside","hentry","category-non-classe","post_format-post-format-aside"],"uagb_featured_image_src":{"full":false,"thumbnail":false,"medium":false,"medium_large":false,"large":false,"1536x1536":false,"2048x2048":false},"uagb_author_info":{"display_name":"anthony.couraud","author_link":"https:\/\/niort-tt.fr\/index.php\/author\/anthony-couraud\/"},"uagb_comment_info":0,"uagb_excerpt":"Un \u00e9t\u00e9 bien anim\u00e9 au Niort TT ! M\u00eame pendant la pause estivale, le Niort TT n\u2019a pas ch\u00f4m\u00e9 ! Entre les animations, les stages, les comp\u00e9titions et la pr\u00e9paration de la nouvelle saison, l\u2019\u00e9t\u00e9 a \u00e9t\u00e9 bien rempli. Retour sur les derni\u00e8res semaines et les rendez-vous \u00e0 venir. G\u00e9d\u00e9on n\u00b0359 Le dernier num\u00e9ro de\u2026","_links":{"self":[{"href":"https:\/\/niort-tt.fr\/index.php\/wp-json\/wp\/v2\/posts\/4162","targetHints":{"allow":["GET"]}}],"collection":[{"href":"https:\/\/niort-tt.fr\/index.php\/wp-json\/wp\/v2\/posts"}],"about":[{"href":"https:\/\/niort-tt.fr\/index.php\/wp-json\/wp\/v2\/types\/post"}],"author":[{"embeddable":true,"href":"https:\/\/niort-tt.fr\/index.php\/wp-json\/wp\/v2\/users\/1"}],"replies":[{"embeddable":true,"href":"https:\/\/niort-tt.fr\/index.php\/wp-json\/wp\/v2\/comments?post=4162"}],"version-history":[{"count":12,"href":"https:\/\/niort-tt.fr\/index.php\/wp-json\/wp\/v2\/posts\/4162\/revisions"}],"predecessor-version":[{"id":4179,"href":"https:\/\/niort-tt.fr\/index.php\/wp-json\/wp\/v2\/posts\/4162\/revisions\/4179"}],"wp:attachment":[{"href":"https:\/\/niort-tt.fr\/index.php\/wp-json\/wp\/v2\/media?parent=4162"}],"wp:term":[{"taxonomy":"category","embeddable":true,"href":"https:\/\/niort-tt.fr\/index.php\/wp-json\/wp\/v2\/categories?post=4162"},{"taxonomy":"post_tag","embeddable":true,"href":"https:\/\/niort-tt.fr\/index.php\/wp-json\/wp\/v2\/tags?post=4162"}],"curies":[{"name":"wp","href":"https:\/\/api.w.org\/{rel}","templated":true}]}}