{"id":3930,"date":"2026-05-02T09:02:43","date_gmt":"2026-05-02T07:02:43","guid":{"rendered":"https:\/\/niort-tt.fr\/?p=3930"},"modified":"2026-05-02T09:16:31","modified_gmt":"2026-05-02T07:16:31","slug":"elementor-3930","status":"publish","type":"post","link":"https:\/\/niort-tt.fr\/index.php\/elementor-3930\/non-classe\/","title":{"rendered":"Elementor #3930"},"content":{"rendered":"\t\t<div data-elementor-type=\"wp-post\" data-elementor-id=\"3930\" class=\"elementor elementor-3930\">\n\t\t\t\t<div class=\"elementor-element elementor-element-f09def9 e-flex e-con-boxed e-con e-parent\" data-id=\"f09def9\" data-element_type=\"container\" data-e-type=\"container\">\n\t\t\t\t\t<div class=\"e-con-inner\">\n\t\t\t\t<div class=\"elementor-element elementor-element-2aec14d elementor-widget elementor-widget-text-editor\" data-id=\"2aec14d\" data-element_type=\"widget\" data-e-type=\"widget\" data-widget_type=\"text-editor.default\">\n\t\t\t\t\t\t\t\t\t<div class=\"xdj266r x14z9mp xat24cr x1lziwak x1vvkbs x126k92a\"><div dir=\"auto\"><span style=\"font-size: 18pt;\"><strong><span style=\"font-family: helvetica, arial, sans-serif; color: #000000;\">Top de D\u00e9tection R\u00e9gional Territorial Nord<\/span><\/strong><\/span><\/div><div dir=\"auto\">\u00a0<\/div><\/div><div class=\"x14z9mp xat24cr x1lziwak x1vvkbs xtlvy1s x126k92a\"><div dir=\"auto\"><span style=\"font-family: helvetica, arial, sans-serif; color: #000000;\">Dimanche dernier, le 26 avril 2026, \u00e9tait organis\u00e9 \u00e0 la salle, par la Ligue Nouvelle-Aquitaine @liguenatennisdetable le Top de D\u00e9tection Territorial Nord.<\/span><\/div><\/div><div class=\"x14z9mp xat24cr x1lziwak x1vvkbs xtlvy1s x126k92a\"><div dir=\"auto\"><span style=\"font-family: helvetica, arial, sans-serif; color: #000000;\">3 de nos licenci\u00e9s ont particip\u00e9 \u00e0 cette comp\u00e9tition:<\/span><\/div><div dir=\"auto\"><span style=\"font-family: helvetica, arial, sans-serif; color: #000000;\">Lison S &#8211; 5e dans le tableau 2017 fille<\/span><\/div><div dir=\"auto\"><span style=\"font-family: helvetica, arial, sans-serif; color: #000000;\">Valentin C &#8211; 5e dans le tableau 2017 gar\u00e7ons<\/span><\/div><div dir=\"auto\"><span style=\"font-family: helvetica, arial, sans-serif; color: #000000;\">Gaspard B &#8211; 15e dans le tableau 2016 gar\u00e7ons<\/span><\/div><div dir=\"auto\">\u00a0<\/div><div dir=\"auto\"><span style=\"font-family: helvetica, arial, sans-serif; color: #000000;\">Bravo \u00e0 eux pour leur participation !<\/span><\/div><\/div><div class=\"x14z9mp xat24cr x1lziwak x1vvkbs xtlvy1s x126k92a\"><div dir=\"auto\"><span style=\"font-family: helvetica, arial, sans-serif; color: #000000;\">Merci \u00e0 Alin et \u00e0 Kylian pour la journ\u00e9e de coaching aupr\u00e8s de ces 3 jeunes.<\/span><\/div><\/div><div class=\"x14z9mp xat24cr x1lziwak x1vvkbs xtlvy1s x126k92a\"><div dir=\"auto\"><span style=\"font-family: helvetica, arial, sans-serif; color: #000000;\">Merci \u00e0 tous les b\u00e9n\u00e9voles pr\u00e9sents pour le bon d\u00e9roulement de cette journ\u00e9e que cela soit pour le montage de la salle, la tenue de la buvette, le m\u00e9nage et le d\u00e9montage de la salle.<\/span><\/div><\/div>\t\t\t\t\t\t\t\t<\/div>\n\t\t\t\t\t<\/div>\n\t\t\t\t<\/div>\n\t\t<div class=\"elementor-element elementor-element-39a4156 e-grid e-con-boxed e-con e-parent\" data-id=\"39a4156\" data-element_type=\"container\" data-e-type=\"container\">\n\t\t\t\t\t<div class=\"e-con-inner\">\n\t\t\t\t<div class=\"elementor-element elementor-element-30738b3 elementor-widget elementor-widget-image\" data-id=\"30738b3\" data-element_type=\"widget\" data-e-type=\"widget\" data-widget_type=\"image.default\">\n\t\t\t\t\t\t\t\t\t\t\t\t\t\t\t<img fetchpriority=\"high\" decoding=\"async\" width=\"1024\" height=\"1024\" src=\"https:\/\/niort-tt.fr\/wp-content\/uploads\/2026\/05\/Top-2-1024x1024.jpg\" class=\"attachment-large size-large wp-image-3932\" alt=\"\" srcset=\"https:\/\/niort-tt.fr\/wp-content\/uploads\/2026\/05\/Top-2-1024x1024.jpg 1024w, https:\/\/niort-tt.fr\/wp-content\/uploads\/2026\/05\/Top-2-300x300.jpg 300w, https:\/\/niort-tt.fr\/wp-content\/uploads\/2026\/05\/Top-2-150x150.jpg 150w, https:\/\/niort-tt.fr\/wp-content\/uploads\/2026\/05\/Top-2-768x768.jpg 768w, https:\/\/niort-tt.fr\/wp-content\/uploads\/2026\/05\/Top-2.jpg 1080w\" sizes=\"(max-width: 1024px) 100vw, 1024px\" \/>\t\t\t\t\t\t\t\t\t\t\t\t\t\t\t<\/div>\n\t\t\t\t<div class=\"elementor-element elementor-element-c34e944 elementor-widget elementor-widget-image\" data-id=\"c34e944\" data-element_type=\"widget\" data-e-type=\"widget\" data-widget_type=\"image.default\">\n\t\t\t\t\t\t\t\t\t\t\t\t\t\t\t<img decoding=\"async\" width=\"1024\" height=\"1024\" src=\"https:\/\/niort-tt.fr\/wp-content\/uploads\/2026\/05\/Top-3-1024x1024.jpg\" class=\"attachment-large size-large wp-image-3933\" alt=\"\" srcset=\"https:\/\/niort-tt.fr\/wp-content\/uploads\/2026\/05\/Top-3-1024x1024.jpg 1024w, https:\/\/niort-tt.fr\/wp-content\/uploads\/2026\/05\/Top-3-300x300.jpg 300w, https:\/\/niort-tt.fr\/wp-content\/uploads\/2026\/05\/Top-3-150x150.jpg 150w, https:\/\/niort-tt.fr\/wp-content\/uploads\/2026\/05\/Top-3-768x768.jpg 768w, https:\/\/niort-tt.fr\/wp-content\/uploads\/2026\/05\/Top-3.jpg 1080w\" sizes=\"(max-width: 1024px) 100vw, 1024px\" \/>\t\t\t\t\t\t\t\t\t\t\t\t\t\t\t<\/div>\n\t\t\t\t<div class=\"elementor-element elementor-element-4c92084 elementor-widget elementor-widget-image\" data-id=\"4c92084\" data-element_type=\"widget\" data-e-type=\"widget\" data-widget_type=\"image.default\">\n\t\t\t\t\t\t\t\t\t\t\t\t\t\t\t<img decoding=\"async\" width=\"1024\" height=\"768\" src=\"https:\/\/niort-tt.fr\/wp-content\/uploads\/2026\/05\/5-1024x768.jpg\" class=\"attachment-large size-large wp-image-3941\" alt=\"\" srcset=\"https:\/\/niort-tt.fr\/wp-content\/uploads\/2026\/05\/5-1024x768.jpg 1024w, https:\/\/niort-tt.fr\/wp-content\/uploads\/2026\/05\/5-300x225.jpg 300w, https:\/\/niort-tt.fr\/wp-content\/uploads\/2026\/05\/5-768x576.jpg 768w, https:\/\/niort-tt.fr\/wp-content\/uploads\/2026\/05\/5-1536x1152.jpg 1536w, https:\/\/niort-tt.fr\/wp-content\/uploads\/2026\/05\/5-2048x1536.jpg 2048w\" sizes=\"(max-width: 1024px) 100vw, 1024px\" \/>\t\t\t\t\t\t\t\t\t\t\t\t\t\t\t<\/div>\n\t\t\t\t<div class=\"elementor-element elementor-element-c0f2559 elementor-widget elementor-widget-image\" data-id=\"c0f2559\" data-element_type=\"widget\" data-e-type=\"widget\" data-widget_type=\"image.default\">\n\t\t\t\t\t\t\t\t\t\t\t\t\t\t\t<img loading=\"lazy\" decoding=\"async\" width=\"1024\" height=\"768\" src=\"https:\/\/niort-tt.fr\/wp-content\/uploads\/2026\/05\/IMG_20260426_113152-1024x768.jpg\" class=\"attachment-large size-large wp-image-3942\" alt=\"\" srcset=\"https:\/\/niort-tt.fr\/wp-content\/uploads\/2026\/05\/IMG_20260426_113152-1024x768.jpg 1024w, https:\/\/niort-tt.fr\/wp-content\/uploads\/2026\/05\/IMG_20260426_113152-300x225.jpg 300w, https:\/\/niort-tt.fr\/wp-content\/uploads\/2026\/05\/IMG_20260426_113152-768x576.jpg 768w, https:\/\/niort-tt.fr\/wp-content\/uploads\/2026\/05\/IMG_20260426_113152-1536x1152.jpg 1536w, https:\/\/niort-tt.fr\/wp-content\/uploads\/2026\/05\/IMG_20260426_113152-2048x1536.jpg 2048w\" sizes=\"(max-width: 1024px) 100vw, 1024px\" \/>\t\t\t\t\t\t\t\t\t\t\t\t\t\t\t<\/div>\n\t\t\t\t\t<\/div>\n\t\t\t\t<\/div>\n\t\t\t\t<\/div>\n\t\t","protected":false},"excerpt":{"rendered":"<p>Top de D\u00e9tection R\u00e9gional Territorial Nord\u00a0Dimanche dernier, le 26 avril 2026, \u00e9tait organis\u00e9 \u00e0 la salle, par la Ligue Nouvelle-Aquitaine @liguenatennisdetable le Top de D\u00e9tection Territorial Nord.3 de nos licenci\u00e9s ont particip\u00e9 \u00e0 cette comp\u00e9tition:Lison S &#8211; 5e dans le tableau 2017 filleValentin C &#8211; 5e dans le tableau 2017 gar\u00e7onsGaspard B &#8211; 15e dans [&hellip;]<\/p>\n","protected":false},"author":1,"featured_media":0,"comment_status":"closed","ping_status":"closed","sticky":true,"template":"","format":"aside","meta":{"_uag_custom_page_level_css":"","site-sidebar-layout":"default","site-content-layout":"","ast-site-content-layout":"default","site-content-style":"default","site-sidebar-style":"default","ast-global-header-display":"","ast-banner-title-visibility":"","ast-main-header-display":"","ast-hfb-above-header-display":"","ast-hfb-below-header-display":"","ast-hfb-mobile-header-display":"","site-post-title":"","ast-breadcrumbs-content":"","ast-featured-img":"","footer-sml-layout":"","ast-disable-related-posts":"","theme-transparent-header-meta":"default","adv-header-id-meta":"","stick-header-meta":"","header-above-stick-meta":"","header-main-stick-meta":"","header-below-stick-meta":"","astra-migrate-meta-layouts":"set","ast-page-background-enabled":"default","ast-page-background-meta":{"desktop":{"background-color":"var(--ast-global-color-5)","background-image":"","background-repeat":"repeat","background-position":"center center","background-size":"auto","background-attachment":"scroll","background-type":"","background-media":"","overlay-type":"","overlay-color":"","overlay-opacity":"","overlay-gradient":""},"tablet":{"background-color":"","background-image":"","background-repeat":"repeat","background-position":"center center","background-size":"auto","background-attachment":"scroll","background-type":"","background-media":"","overlay-type":"","overlay-color":"","overlay-opacity":"","overlay-gradient":""},"mobile":{"background-color":"","background-image":"","background-repeat":"repeat","background-position":"center center","background-size":"auto","background-attachment":"scroll","background-type":"","background-media":"","overlay-type":"","overlay-color":"","overlay-opacity":"","overlay-gradient":""}},"ast-content-background-meta":{"desktop":{"background-color":"var(--ast-global-color-4)","background-image":"","background-repeat":"repeat","background-position":"center center","background-size":"auto","background-attachment":"scroll","background-type":"","background-media":"","overlay-type":"","overlay-color":"","overlay-opacity":"","overlay-gradient":""},"tablet":{"background-color":"var(--ast-global-color-4)","background-image":"","background-repeat":"repeat","background-position":"center center","background-size":"auto","background-attachment":"scroll","background-type":"","background-media":"","overlay-type":"","overlay-color":"","overlay-opacity":"","overlay-gradient":""},"mobile":{"background-color":"var(--ast-global-color-4)","background-image":"","background-repeat":"repeat","background-position":"center center","background-size":"auto","background-attachment":"scroll","background-type":"","background-media":"","overlay-type":"","overlay-color":"","overlay-opacity":"","overlay-gradient":""}},"_themeisle_gutenberg_block_has_review":false,"footnotes":""},"categories":[1],"tags":[],"class_list":["post-3930","post","type-post","status-publish","format-aside","hentry","category-non-classe","post_format-post-format-aside"],"uagb_featured_image_src":{"full":false,"thumbnail":false,"medium":false,"medium_large":false,"large":false,"1536x1536":false,"2048x2048":false},"uagb_author_info":{"display_name":"anthony.couraud","author_link":"https:\/\/niort-tt.fr\/index.php\/author\/anthony-couraud\/"},"uagb_comment_info":0,"uagb_excerpt":"Top de D\u00e9tection R\u00e9gional Territorial Nord\u00a0Dimanche dernier, le 26 avril 2026, \u00e9tait organis\u00e9 \u00e0 la salle, par la Ligue Nouvelle-Aquitaine @liguenatennisdetable le Top de D\u00e9tection Territorial Nord.3 de nos licenci\u00e9s ont particip\u00e9 \u00e0 cette comp\u00e9tition:Lison S &#8211; 5e dans le tableau 2017 filleValentin C &#8211; 5e dans le tableau 2017 gar\u00e7onsGaspard B &#8211; 15e dans\u2026","_links":{"self":[{"href":"https:\/\/niort-tt.fr\/index.php\/wp-json\/wp\/v2\/posts\/3930","targetHints":{"allow":["GET"]}}],"collection":[{"href":"https:\/\/niort-tt.fr\/index.php\/wp-json\/wp\/v2\/posts"}],"about":[{"href":"https:\/\/niort-tt.fr\/index.php\/wp-json\/wp\/v2\/types\/post"}],"author":[{"embeddable":true,"href":"https:\/\/niort-tt.fr\/index.php\/wp-json\/wp\/v2\/users\/1"}],"replies":[{"embeddable":true,"href":"https:\/\/niort-tt.fr\/index.php\/wp-json\/wp\/v2\/comments?post=3930"}],"version-history":[{"count":9,"href":"https:\/\/niort-tt.fr\/index.php\/wp-json\/wp\/v2\/posts\/3930\/revisions"}],"predecessor-version":[{"id":3947,"href":"https:\/\/niort-tt.fr\/index.php\/wp-json\/wp\/v2\/posts\/3930\/revisions\/3947"}],"wp:attachment":[{"href":"https:\/\/niort-tt.fr\/index.php\/wp-json\/wp\/v2\/media?parent=3930"}],"wp:term":[{"taxonomy":"category","embeddable":true,"href":"https:\/\/niort-tt.fr\/index.php\/wp-json\/wp\/v2\/categories?post=3930"},{"taxonomy":"post_tag","embeddable":true,"href":"https:\/\/niort-tt.fr\/index.php\/wp-json\/wp\/v2\/tags?post=3930"}],"curies":[{"name":"wp","href":"https:\/\/api.w.org\/{rel}","templated":true}]}}