{"id":2267,"date":"2024-06-12T07:22:07","date_gmt":"2024-06-12T05:22:07","guid":{"rendered":"https:\/\/niort-tt.fr\/?p=2267"},"modified":"2024-06-26T07:26:08","modified_gmt":"2024-06-26T05:26:08","slug":"2267","status":"publish","type":"post","link":"https:\/\/niort-tt.fr\/index.php\/2267\/non-classe\/","title":{"rendered":""},"content":{"rendered":"<p><span style=\"font-size: 18pt;\"><strong><span style=\"font-family: helvetica, arial, sans-serif;\">Ping Parkinson<\/span><\/strong><\/span><\/p>\n<p><img fetchpriority=\"high\" decoding=\"async\" class=\"alignnone wp-image-2268\" src=\"https:\/\/niort-tt.fr\/wp-content\/uploads\/2024\/06\/PPar-1024x536.jpg\" alt=\"\" width=\"613\" height=\"321\" srcset=\"https:\/\/niort-tt.fr\/wp-content\/uploads\/2024\/06\/PPar-1024x536.jpg 1024w, https:\/\/niort-tt.fr\/wp-content\/uploads\/2024\/06\/PPar-300x157.jpg 300w, https:\/\/niort-tt.fr\/wp-content\/uploads\/2024\/06\/PPar-768x402.jpg 768w, https:\/\/niort-tt.fr\/wp-content\/uploads\/2024\/06\/PPar.jpg 1072w\" sizes=\"(max-width: 613px) 100vw, 613px\" \/><br \/>\n<img decoding=\"async\" class=\"alignnone wp-image-2269\" src=\"https:\/\/niort-tt.fr\/wp-content\/uploads\/2024\/06\/PPar1-1024x536.jpg\" alt=\"\" width=\"613\" height=\"321\" srcset=\"https:\/\/niort-tt.fr\/wp-content\/uploads\/2024\/06\/PPar1-1024x536.jpg 1024w, https:\/\/niort-tt.fr\/wp-content\/uploads\/2024\/06\/PPar1-300x157.jpg 300w, https:\/\/niort-tt.fr\/wp-content\/uploads\/2024\/06\/PPar1-768x402.jpg 768w, https:\/\/niort-tt.fr\/wp-content\/uploads\/2024\/06\/PPar1.jpg 1047w\" sizes=\"(max-width: 613px) 100vw, 613px\" \/><\/p>\n<p><span style=\"font-family: helvetica, arial, sans-serif;\">Dans le cadre de notre convention avec France Parkinson, nous avons commenc\u00e9 lundi les sessions Ping.<\/span><br \/>\n<span style=\"font-family: helvetica, arial, sans-serif;\">9 malades \u00e9taient pr\u00e9sents ce lundi dans la joie et la bonne humeur.<\/span><br \/>\n<span style=\"font-family: helvetica, arial, sans-serif;\">Merci \u00e0 eux et \u00e0 nos 2 \u00e9ducateurs !<\/span><br \/>\n<span style=\"font-family: helvetica, arial, sans-serif;\">Nous planifierons 2 sessions Parkinson par mois toute la saison prochaine.<\/span><\/p>\n<hr \/>\n<p>&nbsp;<\/p>\n","protected":false},"excerpt":{"rendered":"<p>Ping Parkinson Dans le cadre de notre convention avec France Parkinson, nous avons commenc\u00e9 lundi les sessions Ping. 9 malades \u00e9taient pr\u00e9sents ce lundi dans la joie et la bonne humeur. Merci \u00e0 eux et \u00e0 nos 2 \u00e9ducateurs ! Nous planifierons 2 sessions Parkinson par mois toute la saison prochaine. &nbsp;<\/p>\n","protected":false},"author":1,"featured_media":0,"comment_status":"closed","ping_status":"closed","sticky":true,"template":"","format":"standard","meta":{"_uag_custom_page_level_css":"","site-sidebar-layout":"default","site-content-layout":"","ast-site-content-layout":"default","site-content-style":"default","site-sidebar-style":"default","ast-global-header-display":"","ast-banner-title-visibility":"","ast-main-header-display":"","ast-hfb-above-header-display":"","ast-hfb-below-header-display":"","ast-hfb-mobile-header-display":"","site-post-title":"","ast-breadcrumbs-content":"","ast-featured-img":"","footer-sml-layout":"","ast-disable-related-posts":"","theme-transparent-header-meta":"","adv-header-id-meta":"","stick-header-meta":"","header-above-stick-meta":"","header-main-stick-meta":"","header-below-stick-meta":"","astra-migrate-meta-layouts":"default","ast-page-background-enabled":"default","ast-page-background-meta":{"desktop":{"background-color":"var(--ast-global-color-5)","background-image":"","background-repeat":"repeat","background-position":"center center","background-size":"auto","background-attachment":"scroll","background-type":"","background-media":"","overlay-type":"","overlay-color":"","overlay-opacity":"","overlay-gradient":""},"tablet":{"background-color":"","background-image":"","background-repeat":"repeat","background-position":"center center","background-size":"auto","background-attachment":"scroll","background-type":"","background-media":"","overlay-type":"","overlay-color":"","overlay-opacity":"","overlay-gradient":""},"mobile":{"background-color":"","background-image":"","background-repeat":"repeat","background-position":"center center","background-size":"auto","background-attachment":"scroll","background-type":"","background-media":"","overlay-type":"","overlay-color":"","overlay-opacity":"","overlay-gradient":""}},"ast-content-background-meta":{"desktop":{"background-color":"var(--ast-global-color-4)","background-image":"","background-repeat":"repeat","background-position":"center center","background-size":"auto","background-attachment":"scroll","background-type":"","background-media":"","overlay-type":"","overlay-color":"","overlay-opacity":"","overlay-gradient":""},"tablet":{"background-color":"var(--ast-global-color-4)","background-image":"","background-repeat":"repeat","background-position":"center center","background-size":"auto","background-attachment":"scroll","background-type":"","background-media":"","overlay-type":"","overlay-color":"","overlay-opacity":"","overlay-gradient":""},"mobile":{"background-color":"var(--ast-global-color-4)","background-image":"","background-repeat":"repeat","background-position":"center center","background-size":"auto","background-attachment":"scroll","background-type":"","background-media":"","overlay-type":"","overlay-color":"","overlay-opacity":"","overlay-gradient":""}},"_themeisle_gutenberg_block_has_review":false,"footnotes":""},"categories":[1],"tags":[],"class_list":["post-2267","post","type-post","status-publish","format-standard","hentry","category-non-classe"],"uagb_featured_image_src":{"full":false,"thumbnail":false,"medium":false,"medium_large":false,"large":false,"1536x1536":false,"2048x2048":false},"uagb_author_info":{"display_name":"anthony.couraud","author_link":"https:\/\/niort-tt.fr\/index.php\/author\/anthony-couraud\/"},"uagb_comment_info":0,"uagb_excerpt":"Ping Parkinson Dans le cadre de notre convention avec France Parkinson, nous avons commenc\u00e9 lundi les sessions Ping. 9 malades \u00e9taient pr\u00e9sents ce lundi dans la joie et la bonne humeur. Merci \u00e0 eux et \u00e0 nos 2 \u00e9ducateurs ! Nous planifierons 2 sessions Parkinson par mois toute la saison prochaine. &nbsp;","_links":{"self":[{"href":"https:\/\/niort-tt.fr\/index.php\/wp-json\/wp\/v2\/posts\/2267","targetHints":{"allow":["GET"]}}],"collection":[{"href":"https:\/\/niort-tt.fr\/index.php\/wp-json\/wp\/v2\/posts"}],"about":[{"href":"https:\/\/niort-tt.fr\/index.php\/wp-json\/wp\/v2\/types\/post"}],"author":[{"embeddable":true,"href":"https:\/\/niort-tt.fr\/index.php\/wp-json\/wp\/v2\/users\/1"}],"replies":[{"embeddable":true,"href":"https:\/\/niort-tt.fr\/index.php\/wp-json\/wp\/v2\/comments?post=2267"}],"version-history":[{"count":1,"href":"https:\/\/niort-tt.fr\/index.php\/wp-json\/wp\/v2\/posts\/2267\/revisions"}],"predecessor-version":[{"id":2270,"href":"https:\/\/niort-tt.fr\/index.php\/wp-json\/wp\/v2\/posts\/2267\/revisions\/2270"}],"wp:attachment":[{"href":"https:\/\/niort-tt.fr\/index.php\/wp-json\/wp\/v2\/media?parent=2267"}],"wp:term":[{"taxonomy":"category","embeddable":true,"href":"https:\/\/niort-tt.fr\/index.php\/wp-json\/wp\/v2\/categories?post=2267"},{"taxonomy":"post_tag","embeddable":true,"href":"https:\/\/niort-tt.fr\/index.php\/wp-json\/wp\/v2\/tags?post=2267"}],"curies":[{"name":"wp","href":"https:\/\/api.w.org\/{rel}","templated":true}]}}