{"id":2055,"date":"2023-12-13T09:34:23","date_gmt":"2023-12-13T08:34:23","guid":{"rendered":"https:\/\/niort-tt.fr\/?p=2055"},"modified":"2023-12-13T09:37:56","modified_gmt":"2023-12-13T08:37:56","slug":"2055","status":"publish","type":"post","link":"https:\/\/niort-tt.fr\/index.php\/2055\/non-classe\/","title":{"rendered":""},"content":{"rendered":"<p><span style=\"font-family: helvetica, arial, sans-serif; font-size: 18pt;\"><strong>Organisation des 15 et 16 d\u00e9cembre 2023\u00a0: <\/strong><\/span><\/p>\n<p><span style=\"font-family: helvetica, arial, sans-serif;\">Le samedi 16 d\u00e9cembre 2023 le club de Niort TT organise le 2\u00e8 tour de Crit\u00e9rium F\u00e9d\u00e9ral\u00a0Handisport \u2013 Nationale 2, nous vous informons donc :<\/span><\/p>\n<ol>\n<li><span style=\"font-family: helvetica, arial, sans-serif;\">Que l&rsquo;entra\u00eenement du <strong>vendredi 15 d\u00e9cembre de 18h30 \u00e0 20h00 est annul\u00e9<\/strong> pour rangement des\u00a02\u00a0salles.<\/span><\/li>\n<li><span style=\"font-family: helvetica, arial, sans-serif;\">Que l&rsquo;entra\u00eenement du <strong>samedi matin de 9h30 \u00e0 11h00 est annul\u00e9<\/strong> pour la comp\u00e9tition.\u00a0<\/span><\/li>\n<li><span style=\"font-family: helvetica, arial, sans-serif;\">Qu&rsquo;il faut des jeunes int\u00e9ress\u00e9s pour \u00eatre ramasseurs de balles, il nous faut 20 jeunes, 10 le matin de 9h00 \u00e0 12h30 et 10 l&rsquo;apr\u00e8s-midi de 14h00 \u00e0 18h00.Merci de vous rapprocher des entra\u00eeneurs.<\/span><\/li>\n<\/ol>\n<a href=\"https:\/\/niort-tt.fr\/wp-content\/uploads\/2023\/12\/Affiche-tour-N2-Handisport.pdf\" class=\"pdfemb-viewer\" style=\"\" data-width=\"max\" data-height=\"max\" data-toolbar=\"bottom\" data-toolbar-fixed=\"on\">Affiche tour N2 Handisport<\/a>\n","protected":false},"excerpt":{"rendered":"<p>Organisation des 15 et 16 d\u00e9cembre 2023\u00a0: Le samedi 16 d\u00e9cembre 2023 le club de Niort TT organise le 2\u00e8 tour de Crit\u00e9rium F\u00e9d\u00e9ral\u00a0Handisport \u2013 Nationale 2, nous vous informons donc : Que l&rsquo;entra\u00eenement du vendredi 15 d\u00e9cembre de 18h30 \u00e0 20h00 est annul\u00e9 pour rangement des\u00a02\u00a0salles. Que l&rsquo;entra\u00eenement du samedi matin de 9h30 \u00e0 [&hellip;]<\/p>\n","protected":false},"author":1,"featured_media":0,"comment_status":"closed","ping_status":"closed","sticky":true,"template":"","format":"standard","meta":{"_uag_custom_page_level_css":"","site-sidebar-layout":"default","site-content-layout":"","ast-site-content-layout":"default","site-content-style":"default","site-sidebar-style":"default","ast-global-header-display":"","ast-banner-title-visibility":"","ast-main-header-display":"","ast-hfb-above-header-display":"","ast-hfb-below-header-display":"","ast-hfb-mobile-header-display":"","site-post-title":"","ast-breadcrumbs-content":"","ast-featured-img":"","footer-sml-layout":"","ast-disable-related-posts":"","theme-transparent-header-meta":"","adv-header-id-meta":"","stick-header-meta":"","header-above-stick-meta":"","header-main-stick-meta":"","header-below-stick-meta":"","astra-migrate-meta-layouts":"default","ast-page-background-enabled":"default","ast-page-background-meta":{"desktop":{"background-color":"var(--ast-global-color-5)","background-image":"","background-repeat":"repeat","background-position":"center center","background-size":"auto","background-attachment":"scroll","background-type":"","background-media":"","overlay-type":"","overlay-color":"","overlay-opacity":"","overlay-gradient":""},"tablet":{"background-color":"","background-image":"","background-repeat":"repeat","background-position":"center center","background-size":"auto","background-attachment":"scroll","background-type":"","background-media":"","overlay-type":"","overlay-color":"","overlay-opacity":"","overlay-gradient":""},"mobile":{"background-color":"","background-image":"","background-repeat":"repeat","background-position":"center center","background-size":"auto","background-attachment":"scroll","background-type":"","background-media":"","overlay-type":"","overlay-color":"","overlay-opacity":"","overlay-gradient":""}},"ast-content-background-meta":{"desktop":{"background-color":"var(--ast-global-color-4)","background-image":"","background-repeat":"repeat","background-position":"center center","background-size":"auto","background-attachment":"scroll","background-type":"","background-media":"","overlay-type":"","overlay-color":"","overlay-opacity":"","overlay-gradient":""},"tablet":{"background-color":"var(--ast-global-color-4)","background-image":"","background-repeat":"repeat","background-position":"center center","background-size":"auto","background-attachment":"scroll","background-type":"","background-media":"","overlay-type":"","overlay-color":"","overlay-opacity":"","overlay-gradient":""},"mobile":{"background-color":"var(--ast-global-color-4)","background-image":"","background-repeat":"repeat","background-position":"center center","background-size":"auto","background-attachment":"scroll","background-type":"","background-media":"","overlay-type":"","overlay-color":"","overlay-opacity":"","overlay-gradient":""}},"_themeisle_gutenberg_block_has_review":false,"footnotes":""},"categories":[1],"tags":[],"class_list":["post-2055","post","type-post","status-publish","format-standard","hentry","category-non-classe"],"uagb_featured_image_src":{"full":false,"thumbnail":false,"medium":false,"medium_large":false,"large":false,"1536x1536":false,"2048x2048":false},"uagb_author_info":{"display_name":"anthony.couraud","author_link":"https:\/\/niort-tt.fr\/index.php\/author\/anthony-couraud\/"},"uagb_comment_info":0,"uagb_excerpt":"Organisation des 15 et 16 d\u00e9cembre 2023\u00a0: Le samedi 16 d\u00e9cembre 2023 le club de Niort TT organise le 2\u00e8 tour de Crit\u00e9rium F\u00e9d\u00e9ral\u00a0Handisport \u2013 Nationale 2, nous vous informons donc : Que l&rsquo;entra\u00eenement du vendredi 15 d\u00e9cembre de 18h30 \u00e0 20h00 est annul\u00e9 pour rangement des\u00a02\u00a0salles. Que l&rsquo;entra\u00eenement du samedi matin de 9h30 \u00e0\u2026","_links":{"self":[{"href":"https:\/\/niort-tt.fr\/index.php\/wp-json\/wp\/v2\/posts\/2055","targetHints":{"allow":["GET"]}}],"collection":[{"href":"https:\/\/niort-tt.fr\/index.php\/wp-json\/wp\/v2\/posts"}],"about":[{"href":"https:\/\/niort-tt.fr\/index.php\/wp-json\/wp\/v2\/types\/post"}],"author":[{"embeddable":true,"href":"https:\/\/niort-tt.fr\/index.php\/wp-json\/wp\/v2\/users\/1"}],"replies":[{"embeddable":true,"href":"https:\/\/niort-tt.fr\/index.php\/wp-json\/wp\/v2\/comments?post=2055"}],"version-history":[{"count":2,"href":"https:\/\/niort-tt.fr\/index.php\/wp-json\/wp\/v2\/posts\/2055\/revisions"}],"predecessor-version":[{"id":2058,"href":"https:\/\/niort-tt.fr\/index.php\/wp-json\/wp\/v2\/posts\/2055\/revisions\/2058"}],"wp:attachment":[{"href":"https:\/\/niort-tt.fr\/index.php\/wp-json\/wp\/v2\/media?parent=2055"}],"wp:term":[{"taxonomy":"category","embeddable":true,"href":"https:\/\/niort-tt.fr\/index.php\/wp-json\/wp\/v2\/categories?post=2055"},{"taxonomy":"post_tag","embeddable":true,"href":"https:\/\/niort-tt.fr\/index.php\/wp-json\/wp\/v2\/tags?post=2055"}],"curies":[{"name":"wp","href":"https:\/\/api.w.org\/{rel}","templated":true}]}}