{"id":1730,"date":"2023-06-02T10:20:23","date_gmt":"2023-06-02T08:20:23","guid":{"rendered":"http:\/\/niort-tt.fr\/?p=1730"},"modified":"2023-06-02T10:31:22","modified_gmt":"2023-06-02T08:31:22","slug":"1730","status":"publish","type":"post","link":"https:\/\/niort-tt.fr\/index.php\/1730\/non-classe\/","title":{"rendered":""},"content":{"rendered":"<p style=\"text-align: center;\"><strong><span style=\"font-family: helvetica, arial, sans-serif; font-size: 18pt;\">Assembl\u00e9e G\u00e9n\u00e9rale Niort TT le mercredi 28 juin \u00e0 18h30 + appel \u00e0 b\u00e9n\u00e9volat<\/span><\/strong><\/p>\n<p><span style=\"font-family: helvetica, arial, sans-serif;\">L&rsquo;Assembl\u00e9e G\u00e9n\u00e9rale de Niort TT aura lieu le mercredi 28 juin \u00e0 18h30 dans la petite salle, tous les licenci\u00e9s ainsi que les parents des jeunes sont convi\u00e9s \u00e0 cette AG qui cl\u00f4turera la saison 2022\/2023.<\/span><\/p>\n<p><span style=\"font-family: helvetica, arial, sans-serif;\">Nous maintenons le cr\u00e9neau jeune du mercredi 28\/06 \u00e0 18h30, les parents des jeunes de ce cr\u00e9neau pourront ainsi venir \u00e0 l&rsquo;AG et nous avons d\u00e9cid\u00e9 d&rsquo;annuler le cr\u00e9neau loisir adulte de 19h30 pour permettre \u00e0 nos joueurs loisirs de venir \u00e9galement \u00e0 l&rsquo;AG.<\/span><\/p>\n<p><span style=\"font-family: helvetica, arial, sans-serif;\">Nous vous enverrons prochainement l&rsquo;ordre du jour de cette AG o\u00f9 nous r\u00e9compenserons certains jeunes qui ont fait briller le club cette saison.<\/span><\/p>\n<p><span style=\"font-family: helvetica, arial, sans-serif;\">De plus, nous recherchons activement des b\u00e9n\u00e9voles qui souhaiteraient int\u00e9grer le Comit\u00e9 Directeur du club qui est compos\u00e9 d&rsquo;une vingtaine de <\/span><span style=\"font-family: helvetica, arial, sans-serif;\"><span style=\"font-family: helvetica, arial, sans-serif;\">membres. Le\u00a0Comit\u00e9 Directeur se r\u00e9unit une fois tous les 2 mois et d\u00e9cide des grandes orientations du club et chaque membre fait partie d&rsquo;une commission (animation, financi\u00e8re, sportive, mise en place salle,&#8230;).<\/span><\/span><br \/>\n<span style=\"font-family: helvetica, arial, sans-serif;\">Nous recherchons tout particuli\u00e8rement une personne qui serait int\u00e9ress\u00e9e par la partie secr\u00e9tariat adjoint du club pour aider Arnaud et par la partie tr\u00e9sorier adjoint pour aider notre tr\u00e9sorier Olivier.<\/span><br \/>\n<span style=\"font-family: helvetica, arial, sans-serif;\">Et les femmes sont \u00e9videmment les bienvenues au Comit\u00e9 Directeur !<\/span><\/p>\n<p><span style=\"font-family: helvetica, arial, sans-serif;\">Si vous \u00eates int\u00e9ress\u00e9s ou si vous avez des questions, vous pouvez vous rapprocher d&rsquo;un dirigeant du club ou envoyer un mail aux copr\u00e9sidents \u00e0 l&rsquo;adresse president@niort-tt.fr.<\/span><\/p>\n<p><span style=\"font-family: helvetica, arial, sans-serif;\">Un grand club comme le n\u00f4tre a besoin de b\u00e9n\u00e9voles actifs tout au long de la saison pour assurer son bon fonctionnement.<\/span><\/p>\n<p><span style=\"font-family: helvetica, arial, sans-serif;\">Les dirigeants de Niort TT<\/span><\/p>\n<div dir=\"ltr\" data-smartmail=\"gmail_signature\">\n<div dir=\"ltr\"><img decoding=\"async\" class=\"CToWUd\" src=\"https:\/\/ci3.googleusercontent.com\/mail-sig\/AIorK4xme7JBg8yBPN29NvawyBeuvtyNWaME5dTucMdHUmXkheln_4EB2gZ6msiRb_yI5_q9VXf7Yms\" width=\"96\" height=\"58\" data-bit=\"iit\" \/><\/div>\n<\/div>\n<p><img fetchpriority=\"high\" decoding=\"async\" class=\"alignnone  wp-image-1732 aligncenter\" src=\"https:\/\/niort-tt.fr\/wp-content\/uploads\/2023\/06\/image.png\" alt=\"\" width=\"548\" height=\"779\" srcset=\"https:\/\/niort-tt.fr\/wp-content\/uploads\/2023\/06\/image.png 498w, https:\/\/niort-tt.fr\/wp-content\/uploads\/2023\/06\/image-211x300.png 211w\" sizes=\"(max-width: 548px) 100vw, 548px\" \/><\/p>\n","protected":false},"excerpt":{"rendered":"<p>Assembl\u00e9e G\u00e9n\u00e9rale Niort TT le mercredi 28 juin \u00e0 18h30 + appel \u00e0 b\u00e9n\u00e9volat L&rsquo;Assembl\u00e9e G\u00e9n\u00e9rale de Niort TT aura lieu le mercredi 28 juin \u00e0 18h30 dans la petite salle, tous les licenci\u00e9s ainsi que les parents des jeunes sont convi\u00e9s \u00e0 cette AG qui cl\u00f4turera la saison 2022\/2023. Nous maintenons le cr\u00e9neau jeune [&hellip;]<\/p>\n","protected":false},"author":1,"featured_media":0,"comment_status":"closed","ping_status":"closed","sticky":true,"template":"","format":"standard","meta":{"_uag_custom_page_level_css":"","site-sidebar-layout":"default","site-content-layout":"","ast-site-content-layout":"default","site-content-style":"default","site-sidebar-style":"default","ast-global-header-display":"","ast-banner-title-visibility":"","ast-main-header-display":"","ast-hfb-above-header-display":"","ast-hfb-below-header-display":"","ast-hfb-mobile-header-display":"","site-post-title":"","ast-breadcrumbs-content":"","ast-featured-img":"","footer-sml-layout":"","ast-disable-related-posts":"","theme-transparent-header-meta":"","adv-header-id-meta":"","stick-header-meta":"","header-above-stick-meta":"","header-main-stick-meta":"","header-below-stick-meta":"","astra-migrate-meta-layouts":"default","ast-page-background-enabled":"default","ast-page-background-meta":{"desktop":{"background-color":"var(--ast-global-color-5)","background-image":"","background-repeat":"repeat","background-position":"center center","background-size":"auto","background-attachment":"scroll","background-type":"","background-media":"","overlay-type":"","overlay-color":"","overlay-opacity":"","overlay-gradient":""},"tablet":{"background-color":"","background-image":"","background-repeat":"repeat","background-position":"center center","background-size":"auto","background-attachment":"scroll","background-type":"","background-media":"","overlay-type":"","overlay-color":"","overlay-opacity":"","overlay-gradient":""},"mobile":{"background-color":"","background-image":"","background-repeat":"repeat","background-position":"center center","background-size":"auto","background-attachment":"scroll","background-type":"","background-media":"","overlay-type":"","overlay-color":"","overlay-opacity":"","overlay-gradient":""}},"ast-content-background-meta":{"desktop":{"background-color":"var(--ast-global-color-4)","background-image":"","background-repeat":"repeat","background-position":"center center","background-size":"auto","background-attachment":"scroll","background-type":"","background-media":"","overlay-type":"","overlay-color":"","overlay-opacity":"","overlay-gradient":""},"tablet":{"background-color":"var(--ast-global-color-4)","background-image":"","background-repeat":"repeat","background-position":"center center","background-size":"auto","background-attachment":"scroll","background-type":"","background-media":"","overlay-type":"","overlay-color":"","overlay-opacity":"","overlay-gradient":""},"mobile":{"background-color":"var(--ast-global-color-4)","background-image":"","background-repeat":"repeat","background-position":"center center","background-size":"auto","background-attachment":"scroll","background-type":"","background-media":"","overlay-type":"","overlay-color":"","overlay-opacity":"","overlay-gradient":""}},"_themeisle_gutenberg_block_has_review":false,"footnotes":""},"categories":[1],"tags":[],"class_list":["post-1730","post","type-post","status-publish","format-standard","hentry","category-non-classe"],"uagb_featured_image_src":{"full":false,"thumbnail":false,"medium":false,"medium_large":false,"large":false,"1536x1536":false,"2048x2048":false},"uagb_author_info":{"display_name":"anthony.couraud","author_link":"https:\/\/niort-tt.fr\/index.php\/author\/anthony-couraud\/"},"uagb_comment_info":0,"uagb_excerpt":"Assembl\u00e9e G\u00e9n\u00e9rale Niort TT le mercredi 28 juin \u00e0 18h30 + appel \u00e0 b\u00e9n\u00e9volat L&rsquo;Assembl\u00e9e G\u00e9n\u00e9rale de Niort TT aura lieu le mercredi 28 juin \u00e0 18h30 dans la petite salle, tous les licenci\u00e9s ainsi que les parents des jeunes sont convi\u00e9s \u00e0 cette AG qui cl\u00f4turera la saison 2022\/2023. Nous maintenons le cr\u00e9neau jeune\u2026","_links":{"self":[{"href":"https:\/\/niort-tt.fr\/index.php\/wp-json\/wp\/v2\/posts\/1730","targetHints":{"allow":["GET"]}}],"collection":[{"href":"https:\/\/niort-tt.fr\/index.php\/wp-json\/wp\/v2\/posts"}],"about":[{"href":"https:\/\/niort-tt.fr\/index.php\/wp-json\/wp\/v2\/types\/post"}],"author":[{"embeddable":true,"href":"https:\/\/niort-tt.fr\/index.php\/wp-json\/wp\/v2\/users\/1"}],"replies":[{"embeddable":true,"href":"https:\/\/niort-tt.fr\/index.php\/wp-json\/wp\/v2\/comments?post=1730"}],"version-history":[{"count":4,"href":"https:\/\/niort-tt.fr\/index.php\/wp-json\/wp\/v2\/posts\/1730\/revisions"}],"predecessor-version":[{"id":1741,"href":"https:\/\/niort-tt.fr\/index.php\/wp-json\/wp\/v2\/posts\/1730\/revisions\/1741"}],"wp:attachment":[{"href":"https:\/\/niort-tt.fr\/index.php\/wp-json\/wp\/v2\/media?parent=1730"}],"wp:term":[{"taxonomy":"category","embeddable":true,"href":"https:\/\/niort-tt.fr\/index.php\/wp-json\/wp\/v2\/categories?post=1730"},{"taxonomy":"post_tag","embeddable":true,"href":"https:\/\/niort-tt.fr\/index.php\/wp-json\/wp\/v2\/tags?post=1730"}],"curies":[{"name":"wp","href":"https:\/\/api.w.org\/{rel}","templated":true}]}}