{"id":1367,"date":"2022-09-30T09:02:28","date_gmt":"2022-09-30T07:02:28","guid":{"rendered":"http:\/\/niort-tt.fr\/?p=1367"},"modified":"2022-09-30T09:03:41","modified_gmt":"2022-09-30T07:03:41","slug":"1367","status":"publish","type":"post","link":"https:\/\/niort-tt.fr\/index.php\/1367\/non-classe\/","title":{"rendered":""},"content":{"rendered":"<p><img decoding=\"async\" class=\"aligncenter\" src=\"https:\/\/niort-tt.fr\/wp-content\/uploads\/2020\/09\/logo.png\" width=\"213\" height=\"69\" \/><\/p>\n<p style=\"text-align: center;\">Publi\u00e9 le 26<time class=\"ng-binding\" datetime=\"2021-12-14T06:25:00.000+0100\">\/09\/2022<\/time><\/p>\n<h1 class=\"title_page ng-binding ng-scope\" style=\"text-align: center;\">P\u00e9rign\u00e9 et Niort s\u2019imposent pour leur premi\u00e8re sortie<\/h1>\n<p><img fetchpriority=\"high\" decoding=\"async\" class=\" wp-image-1368 aligncenter\" src=\"https:\/\/niort-tt.fr\/wp-content\/uploads\/2022\/09\/Arnaud.jpg\" alt=\"\" width=\"641\" height=\"360\" srcset=\"https:\/\/niort-tt.fr\/wp-content\/uploads\/2022\/09\/Arnaud.jpg 1020w, https:\/\/niort-tt.fr\/wp-content\/uploads\/2022\/09\/Arnaud-300x169.jpg 300w, https:\/\/niort-tt.fr\/wp-content\/uploads\/2022\/09\/Arnaud-768x431.jpg 768w\" sizes=\"(max-width: 641px) 100vw, 641px\" \/><\/p>\n<p style=\"text-align: center;\">En r\u00e9alisant un sans-faute, le n\u00e9o-niortais Arnaud Droulin a r\u00e9ussi ses d\u00e9buts sous ses nouvelles couleurs<\/p>\n<p>&nbsp;<\/p>\n<div class=\"chapo-wrapper ng-scope\">\n<div class=\"wysiwyg\">\n<div class=\"rubedo-field-inner\">\n<div class=\"ng-scope\">\n<div class=\"ng-scope\">\n<div class=\"ng-scope\">\n<div class=\"chapo ng-scope\">\n<p class=\"ng-binding ng-scope\"><strong>P\u00e9rign\u00e9 et Niort ont parfaitement lanc\u00e9 leur saison de Nationale 2 en s\u2019imposant \u00e0 domicile, un succ\u00e8s qui les positionne dans le haut du tableau, l\u2019objectif affich\u00e9 des deux clubs.<\/strong><\/p>\n<\/div>\n<\/div>\n<\/div>\n<\/div>\n<\/div>\n<\/div>\n<\/div>\n<div>\n<div class=\"wysiwyg paywall clearfix\">\n<div class=\"rubedo-field-inner\">\n<div class=\"ng-scope\">\n<div class=\"ng-scope\">\n<div class=\"wrapper-rubedo-field ng-scope\">\n<div class=\"rubedo-field-inner\">\n<div class=\"ng-scope\">\n<div class=\"ng-scope\">\n<div class=\"ng-scope\">\n<h2 class=\"intertitre\">Niort sans trembler<\/h2>\n<\/div>\n<\/div>\n<\/div>\n<\/div>\n<\/div>\n<div class=\"wrapper-rubedo-field ng-scope\">\n<div class=\"rubedo-field-inner\">\n<div class=\"ng-scope\">\n<div class=\"ng-scope\">\n<div class=\"ng-scope\">\n<p class=\"p\">\u00c0 trente kilom\u00e8tres de P\u00e9rign\u00e9, les Niortais, rel\u00e9gu\u00e9s de N1, se devaient de disposer du Mans, formation juste promue en N2. Priv\u00e9s de Quentin Phily (n\u00b0 921), les locaux trouvaient en Alin Bobonete (n\u00b0 310) un rempla\u00e7ant de luxe. <em>\u00ab\u00a0On a longtemps h\u00e9sit\u00e9 pour savoir si je devais jouer en N2 pour remplacer Quentin ou en R1 pour renforcer la r\u00e9serve qui dispute la mont\u00e9e en PN<\/em>, explique Alin Bobonete.<em>\u00a0On a r\u00e9uni les joueurs des deux \u00e9quipes et il a \u00e9t\u00e9 d\u00e9cid\u00e9 que je jouerai en Nationale 2 car les joueurs de l\u2019\u00e9quipe premi\u00e8re voulaient absolument remporter cette\u00a0premi\u00e8re rencontre de la saison. C\u2019\u00e9tait important aussi pour Arnaud Droulin qui disputait son premier match avec nous et qui avait besoin de confiance.\u00a0\u00bb<\/em><\/p>\n<\/div>\n<\/div>\n<\/div>\n<\/div>\n<\/div>\n<div class=\"wrapper-rubedo-field ng-scope\">\n<div class=\"rubedo-field-inner\">\n<div class=\"ng-scope\">\n<div class=\"ng-scope\">\n<div class=\"ng-scope\">\n<p class=\"p\">Au final, les Niortais disposaient assez facilement du\u00a0Mans (8-1).\u00a0<em>\u00ab\u00a0Le score est s\u00e9v\u00e8re pour Le\u00a0Mans,<\/em>\u00a0analyse Alin Bobonete, notamment battu par Repusseau (n\u00b0\u00a0555).\u00a0<em>On a jou\u00e9 contre une \u00e9quipe compos\u00e9e de jeunes joueurs talentueux. Deux ou trois matchs tournent en notre faveur au bon moment.\u00a0\u00bb<\/em>\u00a0\u00a0\u00c0\u00a0noter la belle prestation de la recrue Arnaud Droulin\u00a0qui a remport\u00e9 la totalit\u00e9 de ses matchs, de surcroit contre les deux meilleurs joueurs adverses.<\/p>\n<\/div>\n<\/div>\n<\/div>\n<\/div>\n<\/div>\n<\/div>\n<\/div>\n<\/div>\n<\/div>\n<\/div>\n","protected":false},"excerpt":{"rendered":"<p>Publi\u00e9 le 26\/09\/2022 P\u00e9rign\u00e9 et Niort s\u2019imposent pour leur premi\u00e8re sortie En r\u00e9alisant un sans-faute, le n\u00e9o-niortais Arnaud Droulin a r\u00e9ussi ses d\u00e9buts sous ses nouvelles couleurs &nbsp; P\u00e9rign\u00e9 et Niort ont parfaitement lanc\u00e9 leur saison de Nationale 2 en s\u2019imposant \u00e0 domicile, un succ\u00e8s qui les positionne dans le haut du tableau, l\u2019objectif affich\u00e9 [&hellip;]<\/p>\n","protected":false},"author":1,"featured_media":0,"comment_status":"closed","ping_status":"closed","sticky":true,"template":"","format":"standard","meta":{"_uag_custom_page_level_css":"","site-sidebar-layout":"default","site-content-layout":"","ast-site-content-layout":"default","site-content-style":"default","site-sidebar-style":"default","ast-global-header-display":"","ast-banner-title-visibility":"","ast-main-header-display":"","ast-hfb-above-header-display":"","ast-hfb-below-header-display":"","ast-hfb-mobile-header-display":"","site-post-title":"","ast-breadcrumbs-content":"","ast-featured-img":"","footer-sml-layout":"","ast-disable-related-posts":"","theme-transparent-header-meta":"","adv-header-id-meta":"","stick-header-meta":"","header-above-stick-meta":"","header-main-stick-meta":"","header-below-stick-meta":"","astra-migrate-meta-layouts":"default","ast-page-background-enabled":"default","ast-page-background-meta":{"desktop":{"background-color":"var(--ast-global-color-5)","background-image":"","background-repeat":"repeat","background-position":"center center","background-size":"auto","background-attachment":"scroll","background-type":"","background-media":"","overlay-type":"","overlay-color":"","overlay-opacity":"","overlay-gradient":""},"tablet":{"background-color":"","background-image":"","background-repeat":"repeat","background-position":"center center","background-size":"auto","background-attachment":"scroll","background-type":"","background-media":"","overlay-type":"","overlay-color":"","overlay-opacity":"","overlay-gradient":""},"mobile":{"background-color":"","background-image":"","background-repeat":"repeat","background-position":"center center","background-size":"auto","background-attachment":"scroll","background-type":"","background-media":"","overlay-type":"","overlay-color":"","overlay-opacity":"","overlay-gradient":""}},"ast-content-background-meta":{"desktop":{"background-color":"var(--ast-global-color-4)","background-image":"","background-repeat":"repeat","background-position":"center center","background-size":"auto","background-attachment":"scroll","background-type":"","background-media":"","overlay-type":"","overlay-color":"","overlay-opacity":"","overlay-gradient":""},"tablet":{"background-color":"var(--ast-global-color-4)","background-image":"","background-repeat":"repeat","background-position":"center center","background-size":"auto","background-attachment":"scroll","background-type":"","background-media":"","overlay-type":"","overlay-color":"","overlay-opacity":"","overlay-gradient":""},"mobile":{"background-color":"var(--ast-global-color-4)","background-image":"","background-repeat":"repeat","background-position":"center center","background-size":"auto","background-attachment":"scroll","background-type":"","background-media":"","overlay-type":"","overlay-color":"","overlay-opacity":"","overlay-gradient":""}},"_themeisle_gutenberg_block_has_review":false,"footnotes":""},"categories":[1],"tags":[],"class_list":["post-1367","post","type-post","status-publish","format-standard","hentry","category-non-classe"],"uagb_featured_image_src":{"full":false,"thumbnail":false,"medium":false,"medium_large":false,"large":false,"1536x1536":false,"2048x2048":false},"uagb_author_info":{"display_name":"anthony.couraud","author_link":"https:\/\/niort-tt.fr\/index.php\/author\/anthony-couraud\/"},"uagb_comment_info":0,"uagb_excerpt":"Publi\u00e9 le 26\/09\/2022 P\u00e9rign\u00e9 et Niort s\u2019imposent pour leur premi\u00e8re sortie En r\u00e9alisant un sans-faute, le n\u00e9o-niortais Arnaud Droulin a r\u00e9ussi ses d\u00e9buts sous ses nouvelles couleurs &nbsp; P\u00e9rign\u00e9 et Niort ont parfaitement lanc\u00e9 leur saison de Nationale 2 en s\u2019imposant \u00e0 domicile, un succ\u00e8s qui les positionne dans le haut du tableau, l\u2019objectif affich\u00e9\u2026","_links":{"self":[{"href":"https:\/\/niort-tt.fr\/index.php\/wp-json\/wp\/v2\/posts\/1367","targetHints":{"allow":["GET"]}}],"collection":[{"href":"https:\/\/niort-tt.fr\/index.php\/wp-json\/wp\/v2\/posts"}],"about":[{"href":"https:\/\/niort-tt.fr\/index.php\/wp-json\/wp\/v2\/types\/post"}],"author":[{"embeddable":true,"href":"https:\/\/niort-tt.fr\/index.php\/wp-json\/wp\/v2\/users\/1"}],"replies":[{"embeddable":true,"href":"https:\/\/niort-tt.fr\/index.php\/wp-json\/wp\/v2\/comments?post=1367"}],"version-history":[{"count":2,"href":"https:\/\/niort-tt.fr\/index.php\/wp-json\/wp\/v2\/posts\/1367\/revisions"}],"predecessor-version":[{"id":1370,"href":"https:\/\/niort-tt.fr\/index.php\/wp-json\/wp\/v2\/posts\/1367\/revisions\/1370"}],"wp:attachment":[{"href":"https:\/\/niort-tt.fr\/index.php\/wp-json\/wp\/v2\/media?parent=1367"}],"wp:term":[{"taxonomy":"category","embeddable":true,"href":"https:\/\/niort-tt.fr\/index.php\/wp-json\/wp\/v2\/categories?post=1367"},{"taxonomy":"post_tag","embeddable":true,"href":"https:\/\/niort-tt.fr\/index.php\/wp-json\/wp\/v2\/tags?post=1367"}],"curies":[{"name":"wp","href":"https:\/\/api.w.org\/{rel}","templated":true}]}}