{"id":1362,"date":"2022-09-23T11:15:38","date_gmt":"2022-09-23T09:15:38","guid":{"rendered":"http:\/\/niort-tt.fr\/?p=1362"},"modified":"2022-09-23T11:16:23","modified_gmt":"2022-09-23T09:16:23","slug":"1362","status":"publish","type":"post","link":"https:\/\/niort-tt.fr\/index.php\/1362\/non-classe\/","title":{"rendered":""},"content":{"rendered":"<p><img decoding=\"async\" class=\"aligncenter\" src=\"https:\/\/niort-tt.fr\/wp-content\/uploads\/2020\/09\/logo.png\" width=\"213\" height=\"69\" \/><\/p>\n<p style=\"text-align: center;\">Publi\u00e9 le 22<time class=\"ng-binding\" datetime=\"2021-12-14T06:25:00.000+0100\">\/09\/2022<\/time><\/p>\n<h1 class=\"title_page ng-binding ng-scope\" style=\"text-align: center;\">Le Niort TT repart sur de nouvelles bases<\/h1>\n<p><img fetchpriority=\"high\" decoding=\"async\" class=\"wp-image-1363 aligncenter\" src=\"https:\/\/niort-tt.fr\/wp-content\/uploads\/2022\/09\/J1-photo.jpg\" alt=\"\" width=\"719\" height=\"404\" srcset=\"https:\/\/niort-tt.fr\/wp-content\/uploads\/2022\/09\/J1-photo.jpg 1020w, https:\/\/niort-tt.fr\/wp-content\/uploads\/2022\/09\/J1-photo-300x169.jpg 300w, https:\/\/niort-tt.fr\/wp-content\/uploads\/2022\/09\/J1-photo-768x431.jpg 768w\" sizes=\"(max-width: 719px) 100vw, 719px\" \/><\/p>\n<p style=\"text-align: center;\">L\u2019\u00e9quipe niortaise (Bobonete, Phily, Blandin et Droulin) align\u00e9e en amical<\/p>\n<p style=\"text-align: center;\">il y a quinze jours contre P\u00e9rign\u00e9 semble arm\u00e9e pour jouer les premiers r\u00f4les en N2.<\/p>\n<p>&nbsp;<\/p>\n<div class=\"wrapper-rubedo-field ng-scope\">\n<div class=\"rubedo-field-inner\">\n<div class=\"ng-scope\">\n<div class=\"ng-scope\">\n<div class=\"ng-scope\">\n<div class=\"chapo-wrapper ng-scope\">\n<div class=\"wysiwyg\">\n<div class=\"rubedo-field-inner\">\n<div class=\"ng-scope\">\n<div class=\"ng-scope\">\n<div class=\"ng-scope\">\n<div class=\"chapo ng-scope\">\n<p class=\"ng-binding ng-scope\"><span style=\"font-size: 14pt;\"><strong>Ce samedi 24 septembre, le Niort TT lance sa saison de N2 face au Mans, et abordera l\u2019exercice avec plus de s\u00e9r\u00e9nit\u00e9 et de garanties que l\u2019ann\u00e9e derni\u00e8re.<\/strong><\/span><\/p>\n<\/div>\n<\/div>\n<\/div>\n<\/div>\n<\/div>\n<\/div>\n<\/div>\n<div>\n<div class=\"wysiwyg paywall clearfix\">\n<div class=\"rubedo-field-inner\">\n<div class=\"ng-scope\">\n<div class=\"ng-scope\">\n<div class=\"wrapper-rubedo-field ng-scope\">\n<div class=\"rubedo-field-inner\">\n<div class=\"ng-scope\">\n<div class=\"ng-scope\">\n<div class=\"ng-scope\">\n<p class=\"p\"><em>\u00ab\u00a0On devrait vivre une\u00a0saison plus calme sportivement.\u00a0\u00bb<\/em>\u00a0\u00c0 quelques heures du lancement de la saison de tennis de table, Yoann Baribaud, le copr\u00e9sident du Niort TT, ne boude pas son plaisir de voir son club repartir sur de bien meilleures perspectives qu\u2019en septembre dernier. Car de l\u2019exercice pr\u00e9c\u00e9dent, joueurs et dirigeants\u00a0ne garderont pas que de bons souvenirs. La\u00a0N1 a encha\u00een\u00e9 les lourds revers face \u00e0 des armadas dignes du niveau professionnel et l\u2019\u00e9quipe r\u00e9serve a chut\u00e9\u00a0de deux divisions en un an.<\/p>\n<\/div>\n<\/div>\n<\/div>\n<\/div>\n<\/div>\n<div class=\"wrapper-rubedo-field ng-scope\">\n<div class=\"rubedo-field-inner\">\n<div class=\"ng-scope\">\n<div class=\"ng-scope\">\n<div class=\"ng-scope\">\n<p class=\"p\">Pour enrayer cette spirale n\u00e9gative, les dirigeants ont recrut\u00e9 malin et local. Arnaud Droulin (n\u00b0\u00a0269) s\u2019est engag\u00e9\u00a0apr\u00e8s avoir largement contribu\u00e9 \u00e0 l\u2019ascension vertigineuse de Fouras, pass\u00e9 en dix ans de la R3 \u00e0 la N1. Plus\u00a0en accord avec la politique de son club, il a pr\u00e9f\u00e9r\u00e9 partir pour devenir coach \u00e0 son compte tout en prenant une licence \u00e0 Niort comme joueur.<\/p>\n<\/div>\n<\/div>\n<\/div>\n<\/div>\n<\/div>\n<div class=\"wrapper-rubedo-field ng-scope\">\n<div class=\"rubedo-field-inner\">\n<div class=\"ng-scope\">\n<div class=\"ng-scope\">\n<div class=\"ng-scope\">\n<h2 class=\"intertitre\"><strong><span style=\"font-size: 14pt;\">Du travail en coulisses<\/span><\/strong><\/h2>\n<\/div>\n<\/div>\n<\/div>\n<\/div>\n<\/div>\n<div class=\"wrapper-rubedo-field ng-scope\">\n<div class=\"rubedo-field-inner\">\n<div class=\"ng-scope\">\n<div class=\"ng-scope\">\n<div class=\"ng-scope\">\n<p class=\"p\">Le retour dans les Deux-S\u00e8vres\u00a0de Quentin Phily (n\u00b0921, Royan) est plus logique, lui qui travaille dans une mutuelle de la ville et fut joueur puis entra\u00eeneur au club\u00a0entre\u00a02007 et\u00a02011.\u00a0<em>\u00ab\u00a0Je quitte mon Royan natal o\u00f9 j\u2019ai connu la Nationale avec les copains. \u00c0 35 ans, je tourne une page. Ma vie est aujourd\u2019hui \u00e0 Niort\u00a0\u00bb<\/em>, confie-t-il. Ces deux trentenaires seront donc associ\u00e9s\u00a0\u00e0 l\u2019Argentin Alexis Orencel (n\u00b0\u00a0338) et Nicolas Blandin (n\u00b0\u00a0506) qui sont rest\u00e9s au club.\u00a0<em>\u00ab\u00a0Avec ces quatre joueurs, on va essayer de se maintenir\u00a0en N2 et\u00a0jouer la premi\u00e8re partie de tableau\u00a0\u00bb<\/em>, poursuit Yoann Baribaud.<\/p>\n<\/div>\n<\/div>\n<\/div>\n<\/div>\n<\/div>\n<div class=\"wrapper-rubedo-field ng-scope\">\n<div class=\"rubedo-field-inner\">\n<div class=\"ng-scope\">\n<div class=\"ng-scope\">\n<div class=\"ng-scope\">\n<p class=\"p\">Quant \u00e0 Alin Bobonete (n\u00b0\u00a0310) et Mathis Letourneur (17), tous les deux titulaires en N1 l\u2019an dernier, ils iront renforcer l\u2019\u00e9quipe 2\u00a0qui devrait jouer les premiers r\u00f4les en R1.\u00a0En coulisses, parall\u00e8lement \u00e0 ces recrutements, les dirigeants niortais ont poursuivi leur volont\u00e9 de se structurer.\u00a0<em>\u00ab\u00a0On a recrut\u00e9 Cody Le Gall, un \u00e9tudiant de BTS en alternance qui aura pour mission\u00a0de nous trouver des sponsors\u00a0et de s\u2019occuper de notre communication sur les r\u00e9seaux sociaux. Le nerf de la guerre, c\u2019est l\u2019argent. On doit trouver des sponsors pour continuer de grandir. On\u00a0va aussi bien pr\u00e9parer le mercato de juin\u00a02023 pour renforcer notre \u00e9quipe 2 que l\u2019on aimerait rapidement voir en N3\u00a0\u00bb,<\/em>\u00a0poursuit le dirigeant.<\/p>\n<\/div>\n<\/div>\n<\/div>\n<\/div>\n<\/div>\n<div class=\"wrapper-rubedo-field ng-scope\">\n<div class=\"rubedo-field-inner\">\n<div class=\"ng-scope\">\n<div class=\"ng-scope\">\n<div class=\"ng-scope\">\n<p class=\"p\">Pour son premier match de la saison en N2, les Niortais accueilleront samedi\u00a0une \u00e9quipe mancelle qui vient d\u2019acc\u00e9der \u00e0 la N2.\u00a0<em>\u00ab\u00a0Le\u00a0Mans aligne des joueurs class\u00e9s entre la\u00a0500<sup>e<\/sup>\u00a0et la\u00a0900<sup>e<\/sup>\u00a0place<\/em>, conclut\u00a0Yoann Baribaud.\u00a0<em>Logiquement, c\u2019est un match que l\u2019on doit gagner mais Quentin Phily sera absent. On ne sait pas encore qui va le remplacer car la r\u00e9serve joue aussi un match important. \u00bb<\/em><\/p>\n<\/div>\n<\/div>\n<\/div>\n<\/div>\n<\/div>\n<\/div>\n<\/div>\n<\/div>\n<\/div>\n<\/div>\n<\/div>\n<\/div>\n<\/div>\n<\/div>\n<\/div>\n","protected":false},"excerpt":{"rendered":"<p>Publi\u00e9 le 22\/09\/2022 Le Niort TT repart sur de nouvelles bases L\u2019\u00e9quipe niortaise (Bobonete, Phily, Blandin et Droulin) align\u00e9e en amical il y a quinze jours contre P\u00e9rign\u00e9 semble arm\u00e9e pour jouer les premiers r\u00f4les en N2. &nbsp; Ce samedi 24 septembre, le Niort TT lance sa saison de N2 face au Mans, et abordera [&hellip;]<\/p>\n","protected":false},"author":1,"featured_media":0,"comment_status":"closed","ping_status":"closed","sticky":true,"template":"","format":"standard","meta":{"_uag_custom_page_level_css":"","site-sidebar-layout":"default","site-content-layout":"","ast-site-content-layout":"default","site-content-style":"default","site-sidebar-style":"default","ast-global-header-display":"","ast-banner-title-visibility":"","ast-main-header-display":"","ast-hfb-above-header-display":"","ast-hfb-below-header-display":"","ast-hfb-mobile-header-display":"","site-post-title":"","ast-breadcrumbs-content":"","ast-featured-img":"","footer-sml-layout":"","ast-disable-related-posts":"","theme-transparent-header-meta":"","adv-header-id-meta":"","stick-header-meta":"","header-above-stick-meta":"","header-main-stick-meta":"","header-below-stick-meta":"","astra-migrate-meta-layouts":"default","ast-page-background-enabled":"default","ast-page-background-meta":{"desktop":{"background-color":"var(--ast-global-color-5)","background-image":"","background-repeat":"repeat","background-position":"center center","background-size":"auto","background-attachment":"scroll","background-type":"","background-media":"","overlay-type":"","overlay-color":"","overlay-opacity":"","overlay-gradient":""},"tablet":{"background-color":"","background-image":"","background-repeat":"repeat","background-position":"center center","background-size":"auto","background-attachment":"scroll","background-type":"","background-media":"","overlay-type":"","overlay-color":"","overlay-opacity":"","overlay-gradient":""},"mobile":{"background-color":"","background-image":"","background-repeat":"repeat","background-position":"center center","background-size":"auto","background-attachment":"scroll","background-type":"","background-media":"","overlay-type":"","overlay-color":"","overlay-opacity":"","overlay-gradient":""}},"ast-content-background-meta":{"desktop":{"background-color":"var(--ast-global-color-4)","background-image":"","background-repeat":"repeat","background-position":"center center","background-size":"auto","background-attachment":"scroll","background-type":"","background-media":"","overlay-type":"","overlay-color":"","overlay-opacity":"","overlay-gradient":""},"tablet":{"background-color":"var(--ast-global-color-4)","background-image":"","background-repeat":"repeat","background-position":"center center","background-size":"auto","background-attachment":"scroll","background-type":"","background-media":"","overlay-type":"","overlay-color":"","overlay-opacity":"","overlay-gradient":""},"mobile":{"background-color":"var(--ast-global-color-4)","background-image":"","background-repeat":"repeat","background-position":"center center","background-size":"auto","background-attachment":"scroll","background-type":"","background-media":"","overlay-type":"","overlay-color":"","overlay-opacity":"","overlay-gradient":""}},"_themeisle_gutenberg_block_has_review":false,"footnotes":""},"categories":[1],"tags":[],"class_list":["post-1362","post","type-post","status-publish","format-standard","hentry","category-non-classe"],"uagb_featured_image_src":{"full":false,"thumbnail":false,"medium":false,"medium_large":false,"large":false,"1536x1536":false,"2048x2048":false},"uagb_author_info":{"display_name":"anthony.couraud","author_link":"https:\/\/niort-tt.fr\/index.php\/author\/anthony-couraud\/"},"uagb_comment_info":0,"uagb_excerpt":"Publi\u00e9 le 22\/09\/2022 Le Niort TT repart sur de nouvelles bases L\u2019\u00e9quipe niortaise (Bobonete, Phily, Blandin et Droulin) align\u00e9e en amical il y a quinze jours contre P\u00e9rign\u00e9 semble arm\u00e9e pour jouer les premiers r\u00f4les en N2. &nbsp; Ce samedi 24 septembre, le Niort TT lance sa saison de N2 face au Mans, et abordera\u2026","_links":{"self":[{"href":"https:\/\/niort-tt.fr\/index.php\/wp-json\/wp\/v2\/posts\/1362","targetHints":{"allow":["GET"]}}],"collection":[{"href":"https:\/\/niort-tt.fr\/index.php\/wp-json\/wp\/v2\/posts"}],"about":[{"href":"https:\/\/niort-tt.fr\/index.php\/wp-json\/wp\/v2\/types\/post"}],"author":[{"embeddable":true,"href":"https:\/\/niort-tt.fr\/index.php\/wp-json\/wp\/v2\/users\/1"}],"replies":[{"embeddable":true,"href":"https:\/\/niort-tt.fr\/index.php\/wp-json\/wp\/v2\/comments?post=1362"}],"version-history":[{"count":2,"href":"https:\/\/niort-tt.fr\/index.php\/wp-json\/wp\/v2\/posts\/1362\/revisions"}],"predecessor-version":[{"id":1365,"href":"https:\/\/niort-tt.fr\/index.php\/wp-json\/wp\/v2\/posts\/1362\/revisions\/1365"}],"wp:attachment":[{"href":"https:\/\/niort-tt.fr\/index.php\/wp-json\/wp\/v2\/media?parent=1362"}],"wp:term":[{"taxonomy":"category","embeddable":true,"href":"https:\/\/niort-tt.fr\/index.php\/wp-json\/wp\/v2\/categories?post=1362"},{"taxonomy":"post_tag","embeddable":true,"href":"https:\/\/niort-tt.fr\/index.php\/wp-json\/wp\/v2\/tags?post=1362"}],"curies":[{"name":"wp","href":"https:\/\/api.w.org\/{rel}","templated":true}]}}