{"id":1261,"date":"2022-07-05T09:31:07","date_gmt":"2022-07-05T07:31:07","guid":{"rendered":"http:\/\/niort-tt.fr\/?p=1261"},"modified":"2022-07-07T07:52:05","modified_gmt":"2022-07-07T05:52:05","slug":"1261","status":"publish","type":"post","link":"https:\/\/niort-tt.fr\/index.php\/1261\/non-classe\/","title":{"rendered":""},"content":{"rendered":"<p style=\"text-align: center;\"><span style=\"font-size: 18pt;\"><strong>PROGRAMME DE L&rsquo;\u00c9T\u00c9<\/strong><\/span><\/p>\n<p>Voici le programme estival propos\u00e9 par le club de Niort TT:<\/p>\n<p>\ud83c\udfd3 fin des entrainements le vendredi 08 juillet<\/p>\n<p>\ud83c\udfd3 le club sera ferm\u00e9 du 09 au 17 juillet<\/p>\n<p>\ud83c\udfd3 ouverture pour les adh\u00e9rents, les mardis et jeudis soirs, les 2 derni\u00e8res semaines de juillet et tout le mois d&rsquo;ao\u00fbt, de 18h30 \u00e0 20h30<\/p>\n<p>\ud83c\udfd3 2 semaines de stages :<\/p>\n<p>du 16 au 19 ao\u00fbt <a href=\"https:\/\/niort-tt.fr\/wp-content\/uploads\/2022\/06\/Stage-dete-premiere-semaine-2022-inscription.pdf\" target=\"_blank\" rel=\"noopener\">Inscription stage 16 &#8211; 19 ao\u00fbt 2022\u00a0 et <\/a><a href=\"https:\/\/niort-tennis-de-table.s2.yapla.com\/fr\/event-29305\" target=\"_blank\" rel=\"noopener\">Paiement en ligne<\/a><\/p>\n<p>du 22 au 26 ao\u00fbt\u00a0 <a href=\"https:\/\/niort-tt.fr\/wp-content\/uploads\/2022\/06\/Stage-ete-2022-inscription-deuxieme-semaine.pdf\" target=\"_blank\" rel=\"noopener\">Inscription stage 22 &#8211; 26 ao\u00fbt 2022 et <\/a><a href=\"https:\/\/niort-tennis-de-table.s2.yapla.com\/fr\/event-29306\" target=\"_blank\" rel=\"noopener\">Paiement en ligne<\/a><\/p>\n<p>\ud83c\udfd3 les entrainements avec les horaires classiques commenceront la semaine du 29 ao\u00fbt<\/p>\n<p>&nbsp;<\/p>\n","protected":false},"excerpt":{"rendered":"<p>PROGRAMME DE L&rsquo;\u00c9T\u00c9 Voici le programme estival propos\u00e9 par le club de Niort TT: \ud83c\udfd3 fin des entrainements le vendredi 08 juillet \ud83c\udfd3 le club sera ferm\u00e9 du 09 au 17 juillet \ud83c\udfd3 ouverture pour les adh\u00e9rents, les mardis et jeudis soirs, les 2 derni\u00e8res semaines de juillet et tout le mois d&rsquo;ao\u00fbt, de 18h30 [&hellip;]<\/p>\n","protected":false},"author":1,"featured_media":0,"comment_status":"closed","ping_status":"closed","sticky":true,"template":"","format":"standard","meta":{"_uag_custom_page_level_css":"","site-sidebar-layout":"default","site-content-layout":"","ast-site-content-layout":"default","site-content-style":"default","site-sidebar-style":"default","ast-global-header-display":"","ast-banner-title-visibility":"","ast-main-header-display":"","ast-hfb-above-header-display":"","ast-hfb-below-header-display":"","ast-hfb-mobile-header-display":"","site-post-title":"","ast-breadcrumbs-content":"","ast-featured-img":"","footer-sml-layout":"","ast-disable-related-posts":"","theme-transparent-header-meta":"","adv-header-id-meta":"","stick-header-meta":"","header-above-stick-meta":"","header-main-stick-meta":"","header-below-stick-meta":"","astra-migrate-meta-layouts":"default","ast-page-background-enabled":"default","ast-page-background-meta":{"desktop":{"background-color":"var(--ast-global-color-5)","background-image":"","background-repeat":"repeat","background-position":"center center","background-size":"auto","background-attachment":"scroll","background-type":"","background-media":"","overlay-type":"","overlay-color":"","overlay-opacity":"","overlay-gradient":""},"tablet":{"background-color":"","background-image":"","background-repeat":"repeat","background-position":"center center","background-size":"auto","background-attachment":"scroll","background-type":"","background-media":"","overlay-type":"","overlay-color":"","overlay-opacity":"","overlay-gradient":""},"mobile":{"background-color":"","background-image":"","background-repeat":"repeat","background-position":"center center","background-size":"auto","background-attachment":"scroll","background-type":"","background-media":"","overlay-type":"","overlay-color":"","overlay-opacity":"","overlay-gradient":""}},"ast-content-background-meta":{"desktop":{"background-color":"var(--ast-global-color-4)","background-image":"","background-repeat":"repeat","background-position":"center center","background-size":"auto","background-attachment":"scroll","background-type":"","background-media":"","overlay-type":"","overlay-color":"","overlay-opacity":"","overlay-gradient":""},"tablet":{"background-color":"var(--ast-global-color-4)","background-image":"","background-repeat":"repeat","background-position":"center center","background-size":"auto","background-attachment":"scroll","background-type":"","background-media":"","overlay-type":"","overlay-color":"","overlay-opacity":"","overlay-gradient":""},"mobile":{"background-color":"var(--ast-global-color-4)","background-image":"","background-repeat":"repeat","background-position":"center center","background-size":"auto","background-attachment":"scroll","background-type":"","background-media":"","overlay-type":"","overlay-color":"","overlay-opacity":"","overlay-gradient":""}},"_themeisle_gutenberg_block_has_review":false,"footnotes":""},"categories":[1],"tags":[],"class_list":["post-1261","post","type-post","status-publish","format-standard","hentry","category-non-classe"],"uagb_featured_image_src":{"full":false,"thumbnail":false,"medium":false,"medium_large":false,"large":false,"1536x1536":false,"2048x2048":false},"uagb_author_info":{"display_name":"anthony.couraud","author_link":"https:\/\/niort-tt.fr\/index.php\/author\/anthony-couraud\/"},"uagb_comment_info":0,"uagb_excerpt":"PROGRAMME DE L&rsquo;\u00c9T\u00c9 Voici le programme estival propos\u00e9 par le club de Niort TT: \ud83c\udfd3 fin des entrainements le vendredi 08 juillet \ud83c\udfd3 le club sera ferm\u00e9 du 09 au 17 juillet \ud83c\udfd3 ouverture pour les adh\u00e9rents, les mardis et jeudis soirs, les 2 derni\u00e8res semaines de juillet et tout le mois d&rsquo;ao\u00fbt, de 18h30\u2026","_links":{"self":[{"href":"https:\/\/niort-tt.fr\/index.php\/wp-json\/wp\/v2\/posts\/1261","targetHints":{"allow":["GET"]}}],"collection":[{"href":"https:\/\/niort-tt.fr\/index.php\/wp-json\/wp\/v2\/posts"}],"about":[{"href":"https:\/\/niort-tt.fr\/index.php\/wp-json\/wp\/v2\/types\/post"}],"author":[{"embeddable":true,"href":"https:\/\/niort-tt.fr\/index.php\/wp-json\/wp\/v2\/users\/1"}],"replies":[{"embeddable":true,"href":"https:\/\/niort-tt.fr\/index.php\/wp-json\/wp\/v2\/comments?post=1261"}],"version-history":[{"count":14,"href":"https:\/\/niort-tt.fr\/index.php\/wp-json\/wp\/v2\/posts\/1261\/revisions"}],"predecessor-version":[{"id":1275,"href":"https:\/\/niort-tt.fr\/index.php\/wp-json\/wp\/v2\/posts\/1261\/revisions\/1275"}],"wp:attachment":[{"href":"https:\/\/niort-tt.fr\/index.php\/wp-json\/wp\/v2\/media?parent=1261"}],"wp:term":[{"taxonomy":"category","embeddable":true,"href":"https:\/\/niort-tt.fr\/index.php\/wp-json\/wp\/v2\/categories?post=1261"},{"taxonomy":"post_tag","embeddable":true,"href":"https:\/\/niort-tt.fr\/index.php\/wp-json\/wp\/v2\/tags?post=1261"}],"curies":[{"name":"wp","href":"https:\/\/api.w.org\/{rel}","templated":true}]}}