{"id":1200,"date":"2022-05-31T07:54:52","date_gmt":"2022-05-31T05:54:52","guid":{"rendered":"http:\/\/niort-tt.fr\/?p=1200"},"modified":"2022-05-31T07:55:46","modified_gmt":"2022-05-31T05:55:46","slug":"1200","status":"publish","type":"post","link":"https:\/\/niort-tt.fr\/index.php\/1200\/non-classe\/","title":{"rendered":""},"content":{"rendered":"<p dir=\"ltr\" style=\"text-align: center;\"><span style=\"font-size: 18pt;\"><strong>TOP 8 D\u00e9partemental &#8211; Jeunes<\/strong><\/span><\/p>\n<p>Le Comit\u00e9 D\u00e9partemental de Tennis de Table des Deux S\u00e8vres a organis\u00e9 le jeudi 26 mai \u00e0 Niort, le Top 8 d\u00e9partemental, une comp\u00e9tition qui permet de regrouper les 8 meilleurs pongistes dans les cat\u00e9gories jeunes.<\/p>\n<p>Voici les r\u00e9sultats de nos joueurs, coach\u00e9s par Alin, Mathis et Nicolas.<\/p>\n<p>En Benjamines, nos 2 qualifi\u00e9es, Eline NOCQUET et Albane GARD NEDELEC, se rencontraient d\u00e8s le premier match et c&rsquo;est Eline qui l&#8217;emporte, \u00e0 l&rsquo;issue d&rsquo;une rencontre tr\u00e8s serr\u00e9e, gagn\u00e9e par 14\/12 \u00e0 la belle ! Au final Eline est en OR et Albane en ARGENT.<\/p>\n<p>Bravo \u00e0 toutes les deux !<\/p>\n<p>En Minimes filles, Isaline YEYIK \u00e9tait la seule niortaise. Elle gagne tous ses matchs et remporte la m\u00e9daille d\u2019OR !<\/p>\n<p>En Cadettes filles, Emma LETOURNEUR \u00e9tait aussi la seule niortaise et termine \u00e0 la 2\u00e8 place (et est donc en Argent).<\/p>\n<p>En Minimes gar\u00e7ons, 2 niortais s&rsquo;entrebattaient : Louis GUERIN qui termine \u00e0 la 3\u00e8 place\u00a0 et Achille DAUGAS qui termine \u00e0 la 6\u00e8 place. Achille ne gagne pas de match mais le niveau \u00e9tait \u00e9lev\u00e9 et rien que le fait d&rsquo;\u00eatre pr\u00e9sent lors de cette comp\u00e9tition montre tout le travail r\u00e9alis\u00e9 au cours de l&rsquo;ann\u00e9e\u00a0!<\/p>\n<p>En Cadets, ils \u00e9taient 3 niortais sur ce tableau. Arthur AIME GIORIA termine \u00e0 la 3\u00e8 place (et est donc en Bronze), Ioan PORROT termine\u00a0 la 5\u00e8 place et Tom KIEV qui est minime et qui a \u00e9t\u00e9 surclass\u00e9 pour cette comp\u00e9tition, termine \u00e0 la 6\u00e8 place.<\/p>\n<p>En Juniors, Erwan CHAILLOU, Victor COUPRIE et Allan YEYIK portaient les couleurs de NIORT TT. Les r\u00e9sultats sont bons, avec Erwan en OR et Victor en Bronze\u00a0! Allan se classe 8\u00e8 sur ce tableau.<\/p>\n<p>Au total, c&rsquo;est une belle journ\u00e9e pour Niort TT, avec 12 participants, 3 titres, 2 argents et 3 bronzes\u00a0!<\/p>\n<p>Merci \u00e0 toute la dizaine de personnes qui ont contribu\u00e9 \u00e0 ce succ\u00e8s, que ce soit \u00e0 la mise en place (et \u00e0 la r\u00e9installation, en fin de soir\u00e9e) du mat\u00e9riel, ou \u00e0 la tenue de la buvette tout au long de la comp\u00e9tition.<\/p>\n<p><img fetchpriority=\"high\" decoding=\"async\" class=\"alignnone wp-image-1201\" src=\"https:\/\/niort-tt.fr\/wp-content\/uploads\/2022\/05\/IMG_20220526_174041-300x225.jpg\" alt=\"\" width=\"351\" height=\"263\" srcset=\"https:\/\/niort-tt.fr\/wp-content\/uploads\/2022\/05\/IMG_20220526_174041-300x225.jpg 300w, https:\/\/niort-tt.fr\/wp-content\/uploads\/2022\/05\/IMG_20220526_174041-1024x768.jpg 1024w, https:\/\/niort-tt.fr\/wp-content\/uploads\/2022\/05\/IMG_20220526_174041-768x576.jpg 768w, https:\/\/niort-tt.fr\/wp-content\/uploads\/2022\/05\/IMG_20220526_174041-1536x1152.jpg 1536w, https:\/\/niort-tt.fr\/wp-content\/uploads\/2022\/05\/IMG_20220526_174041-2048x1536.jpg 2048w\" sizes=\"(max-width: 351px) 100vw, 351px\" \/>\u00a0 \u00a0 \u00a0 \u00a0 \u00a0 \u00a0\u00a0 <img decoding=\"async\" class=\"alignnone wp-image-1202\" src=\"https:\/\/niort-tt.fr\/wp-content\/uploads\/2022\/05\/IMG_20220526_174616-1024x768.jpg\" alt=\"\" width=\"352\" height=\"264\" srcset=\"https:\/\/niort-tt.fr\/wp-content\/uploads\/2022\/05\/IMG_20220526_174616-1024x768.jpg 1024w, https:\/\/niort-tt.fr\/wp-content\/uploads\/2022\/05\/IMG_20220526_174616-300x225.jpg 300w, https:\/\/niort-tt.fr\/wp-content\/uploads\/2022\/05\/IMG_20220526_174616-768x576.jpg 768w, https:\/\/niort-tt.fr\/wp-content\/uploads\/2022\/05\/IMG_20220526_174616-1536x1152.jpg 1536w, https:\/\/niort-tt.fr\/wp-content\/uploads\/2022\/05\/IMG_20220526_174616-2048x1536.jpg 2048w\" sizes=\"(max-width: 352px) 100vw, 352px\" \/><\/p>\n<p><img decoding=\"async\" class=\"alignnone wp-image-1203\" src=\"https:\/\/niort-tt.fr\/wp-content\/uploads\/2022\/05\/IMG_20220526_174802-1024x768.jpg\" alt=\"\" width=\"353\" height=\"265\" srcset=\"https:\/\/niort-tt.fr\/wp-content\/uploads\/2022\/05\/IMG_20220526_174802-1024x768.jpg 1024w, https:\/\/niort-tt.fr\/wp-content\/uploads\/2022\/05\/IMG_20220526_174802-300x225.jpg 300w, https:\/\/niort-tt.fr\/wp-content\/uploads\/2022\/05\/IMG_20220526_174802-768x576.jpg 768w, https:\/\/niort-tt.fr\/wp-content\/uploads\/2022\/05\/IMG_20220526_174802-1536x1152.jpg 1536w, https:\/\/niort-tt.fr\/wp-content\/uploads\/2022\/05\/IMG_20220526_174802-2048x1536.jpg 2048w\" sizes=\"(max-width: 353px) 100vw, 353px\" \/>\u00a0 \u00a0 \u00a0 \u00a0 \u00a0 \u00a0 <img loading=\"lazy\" decoding=\"async\" class=\"alignnone wp-image-1204\" src=\"https:\/\/niort-tt.fr\/wp-content\/uploads\/2022\/05\/IMG_20220526_175005-1024x768.jpg\" alt=\"\" width=\"351\" height=\"263\" srcset=\"https:\/\/niort-tt.fr\/wp-content\/uploads\/2022\/05\/IMG_20220526_175005-1024x768.jpg 1024w, https:\/\/niort-tt.fr\/wp-content\/uploads\/2022\/05\/IMG_20220526_175005-300x225.jpg 300w, https:\/\/niort-tt.fr\/wp-content\/uploads\/2022\/05\/IMG_20220526_175005-768x576.jpg 768w, https:\/\/niort-tt.fr\/wp-content\/uploads\/2022\/05\/IMG_20220526_175005-1536x1152.jpg 1536w, https:\/\/niort-tt.fr\/wp-content\/uploads\/2022\/05\/IMG_20220526_175005-2048x1536.jpg 2048w\" sizes=\"(max-width: 351px) 100vw, 351px\" \/><\/p>\n<p><img loading=\"lazy\" decoding=\"async\" class=\"alignnone wp-image-1205\" src=\"https:\/\/niort-tt.fr\/wp-content\/uploads\/2022\/05\/IMG_20220526_175224-1024x768.jpg\" alt=\"\" width=\"352\" height=\"264\" srcset=\"https:\/\/niort-tt.fr\/wp-content\/uploads\/2022\/05\/IMG_20220526_175224-1024x768.jpg 1024w, https:\/\/niort-tt.fr\/wp-content\/uploads\/2022\/05\/IMG_20220526_175224-300x225.jpg 300w, https:\/\/niort-tt.fr\/wp-content\/uploads\/2022\/05\/IMG_20220526_175224-768x576.jpg 768w, https:\/\/niort-tt.fr\/wp-content\/uploads\/2022\/05\/IMG_20220526_175224-1536x1152.jpg 1536w, https:\/\/niort-tt.fr\/wp-content\/uploads\/2022\/05\/IMG_20220526_175224-2048x1536.jpg 2048w\" sizes=\"(max-width: 352px) 100vw, 352px\" \/>\u00a0 \u00a0 \u00a0 \u00a0 \u00a0 \u00a0 <img loading=\"lazy\" decoding=\"async\" class=\"alignnone wp-image-1206\" src=\"https:\/\/niort-tt.fr\/wp-content\/uploads\/2022\/05\/IMG_20220526_175533-1024x768.jpg\" alt=\"\" width=\"351\" height=\"264\" srcset=\"https:\/\/niort-tt.fr\/wp-content\/uploads\/2022\/05\/IMG_20220526_175533-1024x768.jpg 1024w, https:\/\/niort-tt.fr\/wp-content\/uploads\/2022\/05\/IMG_20220526_175533-300x225.jpg 300w, https:\/\/niort-tt.fr\/wp-content\/uploads\/2022\/05\/IMG_20220526_175533-768x576.jpg 768w, https:\/\/niort-tt.fr\/wp-content\/uploads\/2022\/05\/IMG_20220526_175533-1536x1152.jpg 1536w, https:\/\/niort-tt.fr\/wp-content\/uploads\/2022\/05\/IMG_20220526_175533-2048x1536.jpg 2048w\" sizes=\"(max-width: 351px) 100vw, 351px\" \/> <img loading=\"lazy\" decoding=\"async\" class=\"wp-image-1207 alignleft\" src=\"https:\/\/niort-tt.fr\/wp-content\/uploads\/2022\/05\/IMG-20220526-WA0003-1024x766.jpg\" alt=\"\" width=\"758\" height=\"567\" srcset=\"https:\/\/niort-tt.fr\/wp-content\/uploads\/2022\/05\/IMG-20220526-WA0003-1024x766.jpg 1024w, https:\/\/niort-tt.fr\/wp-content\/uploads\/2022\/05\/IMG-20220526-WA0003-300x224.jpg 300w, https:\/\/niort-tt.fr\/wp-content\/uploads\/2022\/05\/IMG-20220526-WA0003-768x575.jpg 768w, https:\/\/niort-tt.fr\/wp-content\/uploads\/2022\/05\/IMG-20220526-WA0003-1536x1149.jpg 1536w, https:\/\/niort-tt.fr\/wp-content\/uploads\/2022\/05\/IMG-20220526-WA0003.jpg 2048w\" sizes=\"(max-width: 758px) 100vw, 758px\" \/><\/p>\n","protected":false},"excerpt":{"rendered":"<p>TOP 8 D\u00e9partemental &#8211; Jeunes Le Comit\u00e9 D\u00e9partemental de Tennis de Table des Deux S\u00e8vres a organis\u00e9 le jeudi 26 mai \u00e0 Niort, le Top 8 d\u00e9partemental, une comp\u00e9tition qui permet de regrouper les 8 meilleurs pongistes dans les cat\u00e9gories jeunes. Voici les r\u00e9sultats de nos joueurs, coach\u00e9s par Alin, Mathis et Nicolas. En Benjamines, [&hellip;]<\/p>\n","protected":false},"author":1,"featured_media":0,"comment_status":"closed","ping_status":"closed","sticky":true,"template":"","format":"standard","meta":{"_uag_custom_page_level_css":"","site-sidebar-layout":"default","site-content-layout":"","ast-site-content-layout":"default","site-content-style":"default","site-sidebar-style":"default","ast-global-header-display":"","ast-banner-title-visibility":"","ast-main-header-display":"","ast-hfb-above-header-display":"","ast-hfb-below-header-display":"","ast-hfb-mobile-header-display":"","site-post-title":"","ast-breadcrumbs-content":"","ast-featured-img":"","footer-sml-layout":"","ast-disable-related-posts":"","theme-transparent-header-meta":"","adv-header-id-meta":"","stick-header-meta":"","header-above-stick-meta":"","header-main-stick-meta":"","header-below-stick-meta":"","astra-migrate-meta-layouts":"default","ast-page-background-enabled":"default","ast-page-background-meta":{"desktop":{"background-color":"var(--ast-global-color-5)","background-image":"","background-repeat":"repeat","background-position":"center center","background-size":"auto","background-attachment":"scroll","background-type":"","background-media":"","overlay-type":"","overlay-color":"","overlay-opacity":"","overlay-gradient":""},"tablet":{"background-color":"","background-image":"","background-repeat":"repeat","background-position":"center center","background-size":"auto","background-attachment":"scroll","background-type":"","background-media":"","overlay-type":"","overlay-color":"","overlay-opacity":"","overlay-gradient":""},"mobile":{"background-color":"","background-image":"","background-repeat":"repeat","background-position":"center center","background-size":"auto","background-attachment":"scroll","background-type":"","background-media":"","overlay-type":"","overlay-color":"","overlay-opacity":"","overlay-gradient":""}},"ast-content-background-meta":{"desktop":{"background-color":"var(--ast-global-color-4)","background-image":"","background-repeat":"repeat","background-position":"center center","background-size":"auto","background-attachment":"scroll","background-type":"","background-media":"","overlay-type":"","overlay-color":"","overlay-opacity":"","overlay-gradient":""},"tablet":{"background-color":"var(--ast-global-color-4)","background-image":"","background-repeat":"repeat","background-position":"center center","background-size":"auto","background-attachment":"scroll","background-type":"","background-media":"","overlay-type":"","overlay-color":"","overlay-opacity":"","overlay-gradient":""},"mobile":{"background-color":"var(--ast-global-color-4)","background-image":"","background-repeat":"repeat","background-position":"center center","background-size":"auto","background-attachment":"scroll","background-type":"","background-media":"","overlay-type":"","overlay-color":"","overlay-opacity":"","overlay-gradient":""}},"_themeisle_gutenberg_block_has_review":false,"footnotes":""},"categories":[1],"tags":[],"class_list":["post-1200","post","type-post","status-publish","format-standard","hentry","category-non-classe"],"uagb_featured_image_src":{"full":false,"thumbnail":false,"medium":false,"medium_large":false,"large":false,"1536x1536":false,"2048x2048":false},"uagb_author_info":{"display_name":"anthony.couraud","author_link":"https:\/\/niort-tt.fr\/index.php\/author\/anthony-couraud\/"},"uagb_comment_info":0,"uagb_excerpt":"TOP 8 D\u00e9partemental &#8211; Jeunes Le Comit\u00e9 D\u00e9partemental de Tennis de Table des Deux S\u00e8vres a organis\u00e9 le jeudi 26 mai \u00e0 Niort, le Top 8 d\u00e9partemental, une comp\u00e9tition qui permet de regrouper les 8 meilleurs pongistes dans les cat\u00e9gories jeunes. Voici les r\u00e9sultats de nos joueurs, coach\u00e9s par Alin, Mathis et Nicolas. En Benjamines,\u2026","_links":{"self":[{"href":"https:\/\/niort-tt.fr\/index.php\/wp-json\/wp\/v2\/posts\/1200","targetHints":{"allow":["GET"]}}],"collection":[{"href":"https:\/\/niort-tt.fr\/index.php\/wp-json\/wp\/v2\/posts"}],"about":[{"href":"https:\/\/niort-tt.fr\/index.php\/wp-json\/wp\/v2\/types\/post"}],"author":[{"embeddable":true,"href":"https:\/\/niort-tt.fr\/index.php\/wp-json\/wp\/v2\/users\/1"}],"replies":[{"embeddable":true,"href":"https:\/\/niort-tt.fr\/index.php\/wp-json\/wp\/v2\/comments?post=1200"}],"version-history":[{"count":5,"href":"https:\/\/niort-tt.fr\/index.php\/wp-json\/wp\/v2\/posts\/1200\/revisions"}],"predecessor-version":[{"id":1212,"href":"https:\/\/niort-tt.fr\/index.php\/wp-json\/wp\/v2\/posts\/1200\/revisions\/1212"}],"wp:attachment":[{"href":"https:\/\/niort-tt.fr\/index.php\/wp-json\/wp\/v2\/media?parent=1200"}],"wp:term":[{"taxonomy":"category","embeddable":true,"href":"https:\/\/niort-tt.fr\/index.php\/wp-json\/wp\/v2\/categories?post=1200"},{"taxonomy":"post_tag","embeddable":true,"href":"https:\/\/niort-tt.fr\/index.php\/wp-json\/wp\/v2\/tags?post=1200"}],"curies":[{"name":"wp","href":"https:\/\/api.w.org\/{rel}","templated":true}]}}