{"id":1104,"date":"2022-03-03T09:52:16","date_gmt":"2022-03-03T08:52:16","guid":{"rendered":"http:\/\/niort-tt.fr\/?p=1104"},"modified":"2022-03-03T09:58:50","modified_gmt":"2022-03-03T08:58:50","slug":"1104","status":"publish","type":"post","link":"https:\/\/niort-tt.fr\/index.php\/1104\/non-classe\/","title":{"rendered":""},"content":{"rendered":"<div class=\"kvgmc6g5 cxmmr5t8 oygrvhab hcukyx3x c1et5uql ii04i59q\">\n<div dir=\"auto\"><span style=\"font-size: 18pt;\"><strong>\ud835\udc12\ud835\udc2d\ud835\udc1a\ud835\udc20\ud835\udc1e \ud835\udc1d\ud835\udc1e \ud835\udc1f\u00e9\ud835\udc2f\ud835\udc2b\ud835\udc22\ud835\udc1e\ud835\udc2b<\/strong><\/span><\/div>\n<\/div>\n<div class=\"cxmmr5t8 oygrvhab hcukyx3x c1et5uql o9v6fnle ii04i59q\">\n<div dir=\"auto\">Du 21 au 25 f\u00e9vrier, Niort TT a organis\u00e9 un stage de perfectionnement pour les licenci\u00e9s du club. Pr\u00e8s de 30 jeunes ont particip\u00e9 sur une ou plusieurs journ\u00e9es, encadr\u00e9s par Alin et Nicolas, les deux entraineurs professionnels du club. Merci \u00e0 Philippe Arcourt (co-pr\u00e9sident Niort TT) et \u00e0 Nicolas Baron pour la relance technique sur les joueurs pr\u00e9sents.<\/div>\n<div dir=\"auto\">Bravo \u00e0 tous pour cette belle dynamique, la rigueur et le s\u00e9rieux !<\/div>\n<div dir=\"auto\"><\/div>\n<\/div>\n<div class=\"cxmmr5t8 oygrvhab hcukyx3x c1et5uql o9v6fnle ii04i59q\">\n<div dir=\"auto\"><span style=\"font-size: 18pt;\"><strong>\ud835\udc0b\ud835\udc1a \ud835\udc2c\ud835\udc1e\ud835\udc26\ud835\udc1a\ud835\udc22\ud835\udc27\ud835\udc1e \ud835\udc1d\ud835\udc2e \ud835\udc2c\ud835\udc29\ud835\udc28\ud835\udc2b\ud835\udc2d<\/strong><\/span><\/div>\n<\/div>\n<div class=\"cxmmr5t8 oygrvhab hcukyx3x c1et5uql o9v6fnle ii04i59q\">\n<div dir=\"auto\">Chaque ann\u00e9e Niort-Associations, office du sport niortais et la Ville de Niort proposent aux enfants du CE2 \u00e0 la 6e d&rsquo;effectuer un stage multisports, pendant les vacances scolaires. Les enfants pratiqueront deux activit\u00e9s dans la semaine, une le matin et l&rsquo;autre l&rsquo;apr\u00e8s-midi, les m\u00eames toute la semaine.<\/div>\n<div dir=\"auto\">Dans le m\u00eame temps que le stage club qui se d\u00e9roulait dans la grande salle, dans la petite salle du club, Nicolas a anim\u00e9 tous les matins du 9h30 \u00e0 11h30 un groupe de 15 jeunes qui ont particip\u00e9 \u00e0 la semaine du sport ! Ces jeunes ont pu faire des exercices d\u2019habilet\u00e9, des relances avec le robot et des matchs. Deux heures par jour de d\u00e9couverte pour ces enfants int\u00e9ress\u00e9s, dont quelques-uns avaient d\u00e9j\u00e0 une bonne pratique de jeu.<\/div>\n<\/div>\n<div dir=\"auto\"><\/div>\n<div dir=\"auto\"><img fetchpriority=\"high\" decoding=\"async\" class=\"alignleft wp-image-1114 size-medium\" src=\"https:\/\/niort-tt.fr\/wp-content\/uploads\/2022\/03\/Stage-hiver-2022-22-300x225.jpg\" alt=\"\" width=\"300\" height=\"225\" srcset=\"https:\/\/niort-tt.fr\/wp-content\/uploads\/2022\/03\/Stage-hiver-2022-22-300x225.jpg 300w, https:\/\/niort-tt.fr\/wp-content\/uploads\/2022\/03\/Stage-hiver-2022-22-1024x768.jpg 1024w, https:\/\/niort-tt.fr\/wp-content\/uploads\/2022\/03\/Stage-hiver-2022-22-768x576.jpg 768w, https:\/\/niort-tt.fr\/wp-content\/uploads\/2022\/03\/Stage-hiver-2022-22-1536x1152.jpg 1536w, https:\/\/niort-tt.fr\/wp-content\/uploads\/2022\/03\/Stage-hiver-2022-22-2048x1536.jpg 2048w\" sizes=\"(max-width: 300px) 100vw, 300px\" \/> <img decoding=\"async\" class=\"alignleft wp-image-1113 size-medium\" src=\"https:\/\/niort-tt.fr\/wp-content\/uploads\/2022\/03\/Stage-hiver-2022-18-300x225.jpg\" alt=\"\" width=\"300\" height=\"225\" srcset=\"https:\/\/niort-tt.fr\/wp-content\/uploads\/2022\/03\/Stage-hiver-2022-18-300x225.jpg 300w, https:\/\/niort-tt.fr\/wp-content\/uploads\/2022\/03\/Stage-hiver-2022-18-1024x768.jpg 1024w, https:\/\/niort-tt.fr\/wp-content\/uploads\/2022\/03\/Stage-hiver-2022-18-768x576.jpg 768w, https:\/\/niort-tt.fr\/wp-content\/uploads\/2022\/03\/Stage-hiver-2022-18-1536x1152.jpg 1536w, https:\/\/niort-tt.fr\/wp-content\/uploads\/2022\/03\/Stage-hiver-2022-18-2048x1536.jpg 2048w\" sizes=\"(max-width: 300px) 100vw, 300px\" \/> <img decoding=\"async\" class=\"alignleft wp-image-1112 size-medium\" src=\"https:\/\/niort-tt.fr\/wp-content\/uploads\/2022\/03\/Stage-hiver-2022-17-300x225.jpg\" alt=\"\" width=\"300\" height=\"225\" srcset=\"https:\/\/niort-tt.fr\/wp-content\/uploads\/2022\/03\/Stage-hiver-2022-17-300x225.jpg 300w, https:\/\/niort-tt.fr\/wp-content\/uploads\/2022\/03\/Stage-hiver-2022-17-1024x768.jpg 1024w, https:\/\/niort-tt.fr\/wp-content\/uploads\/2022\/03\/Stage-hiver-2022-17-768x576.jpg 768w, https:\/\/niort-tt.fr\/wp-content\/uploads\/2022\/03\/Stage-hiver-2022-17-1536x1152.jpg 1536w, https:\/\/niort-tt.fr\/wp-content\/uploads\/2022\/03\/Stage-hiver-2022-17-2048x1536.jpg 2048w\" sizes=\"(max-width: 300px) 100vw, 300px\" \/> <img loading=\"lazy\" decoding=\"async\" class=\"alignleft wp-image-1111 size-medium\" src=\"https:\/\/niort-tt.fr\/wp-content\/uploads\/2022\/03\/Stage-hiver-2022-16-300x225.jpg\" alt=\"\" width=\"300\" height=\"225\" srcset=\"https:\/\/niort-tt.fr\/wp-content\/uploads\/2022\/03\/Stage-hiver-2022-16-300x225.jpg 300w, https:\/\/niort-tt.fr\/wp-content\/uploads\/2022\/03\/Stage-hiver-2022-16-1024x768.jpg 1024w, https:\/\/niort-tt.fr\/wp-content\/uploads\/2022\/03\/Stage-hiver-2022-16-768x576.jpg 768w, https:\/\/niort-tt.fr\/wp-content\/uploads\/2022\/03\/Stage-hiver-2022-16-1536x1152.jpg 1536w, https:\/\/niort-tt.fr\/wp-content\/uploads\/2022\/03\/Stage-hiver-2022-16-2048x1536.jpg 2048w\" sizes=\"(max-width: 300px) 100vw, 300px\" \/> <img loading=\"lazy\" decoding=\"async\" class=\"alignleft wp-image-1110 size-medium\" src=\"https:\/\/niort-tt.fr\/wp-content\/uploads\/2022\/03\/Stage-hiver-2022-15-300x225.jpg\" alt=\"\" width=\"300\" height=\"225\" srcset=\"https:\/\/niort-tt.fr\/wp-content\/uploads\/2022\/03\/Stage-hiver-2022-15-300x225.jpg 300w, https:\/\/niort-tt.fr\/wp-content\/uploads\/2022\/03\/Stage-hiver-2022-15-1024x768.jpg 1024w, https:\/\/niort-tt.fr\/wp-content\/uploads\/2022\/03\/Stage-hiver-2022-15-768x576.jpg 768w, https:\/\/niort-tt.fr\/wp-content\/uploads\/2022\/03\/Stage-hiver-2022-15-1536x1152.jpg 1536w, https:\/\/niort-tt.fr\/wp-content\/uploads\/2022\/03\/Stage-hiver-2022-15-2048x1536.jpg 2048w\" sizes=\"(max-width: 300px) 100vw, 300px\" \/> <img loading=\"lazy\" decoding=\"async\" class=\"alignleft wp-image-1109 size-medium\" src=\"https:\/\/niort-tt.fr\/wp-content\/uploads\/2022\/03\/Stage-hiver-2022-14-300x225.jpg\" alt=\"\" width=\"300\" height=\"225\" srcset=\"https:\/\/niort-tt.fr\/wp-content\/uploads\/2022\/03\/Stage-hiver-2022-14-300x225.jpg 300w, https:\/\/niort-tt.fr\/wp-content\/uploads\/2022\/03\/Stage-hiver-2022-14-1024x768.jpg 1024w, https:\/\/niort-tt.fr\/wp-content\/uploads\/2022\/03\/Stage-hiver-2022-14-768x576.jpg 768w, https:\/\/niort-tt.fr\/wp-content\/uploads\/2022\/03\/Stage-hiver-2022-14-1536x1152.jpg 1536w, https:\/\/niort-tt.fr\/wp-content\/uploads\/2022\/03\/Stage-hiver-2022-14-2048x1536.jpg 2048w\" sizes=\"(max-width: 300px) 100vw, 300px\" \/> <img loading=\"lazy\" decoding=\"async\" class=\"alignleft wp-image-1108 size-medium\" src=\"https:\/\/niort-tt.fr\/wp-content\/uploads\/2022\/03\/Stage-hiver-2022-13-300x225.jpg\" alt=\"\" width=\"300\" height=\"225\" srcset=\"https:\/\/niort-tt.fr\/wp-content\/uploads\/2022\/03\/Stage-hiver-2022-13-300x225.jpg 300w, https:\/\/niort-tt.fr\/wp-content\/uploads\/2022\/03\/Stage-hiver-2022-13-1024x768.jpg 1024w, https:\/\/niort-tt.fr\/wp-content\/uploads\/2022\/03\/Stage-hiver-2022-13-768x576.jpg 768w, https:\/\/niort-tt.fr\/wp-content\/uploads\/2022\/03\/Stage-hiver-2022-13-1536x1152.jpg 1536w, https:\/\/niort-tt.fr\/wp-content\/uploads\/2022\/03\/Stage-hiver-2022-13-2048x1536.jpg 2048w\" sizes=\"(max-width: 300px) 100vw, 300px\" \/> <img loading=\"lazy\" decoding=\"async\" class=\"alignleft wp-image-1107 size-medium\" src=\"https:\/\/niort-tt.fr\/wp-content\/uploads\/2022\/03\/Stage-hiver-2022-6-300x225.jpg\" alt=\"\" width=\"300\" height=\"225\" srcset=\"https:\/\/niort-tt.fr\/wp-content\/uploads\/2022\/03\/Stage-hiver-2022-6-300x225.jpg 300w, https:\/\/niort-tt.fr\/wp-content\/uploads\/2022\/03\/Stage-hiver-2022-6-1024x768.jpg 1024w, https:\/\/niort-tt.fr\/wp-content\/uploads\/2022\/03\/Stage-hiver-2022-6-768x576.jpg 768w, https:\/\/niort-tt.fr\/wp-content\/uploads\/2022\/03\/Stage-hiver-2022-6-1536x1152.jpg 1536w, https:\/\/niort-tt.fr\/wp-content\/uploads\/2022\/03\/Stage-hiver-2022-6-2048x1536.jpg 2048w\" sizes=\"(max-width: 300px) 100vw, 300px\" \/> <img loading=\"lazy\" decoding=\"async\" class=\"alignleft wp-image-1106 size-medium\" src=\"https:\/\/niort-tt.fr\/wp-content\/uploads\/2022\/03\/Stage-hiver-2022-2-300x225.jpg\" alt=\"\" width=\"300\" height=\"225\" srcset=\"https:\/\/niort-tt.fr\/wp-content\/uploads\/2022\/03\/Stage-hiver-2022-2-300x225.jpg 300w, https:\/\/niort-tt.fr\/wp-content\/uploads\/2022\/03\/Stage-hiver-2022-2-1024x768.jpg 1024w, https:\/\/niort-tt.fr\/wp-content\/uploads\/2022\/03\/Stage-hiver-2022-2-768x576.jpg 768w, https:\/\/niort-tt.fr\/wp-content\/uploads\/2022\/03\/Stage-hiver-2022-2-1536x1152.jpg 1536w, https:\/\/niort-tt.fr\/wp-content\/uploads\/2022\/03\/Stage-hiver-2022-2-2048x1536.jpg 2048w\" sizes=\"(max-width: 300px) 100vw, 300px\" \/> <img loading=\"lazy\" decoding=\"async\" class=\"alignleft wp-image-1105 size-medium\" src=\"https:\/\/niort-tt.fr\/wp-content\/uploads\/2022\/03\/Stage-hiver-2022-1-300x225.jpg\" alt=\"\" width=\"300\" height=\"225\" srcset=\"https:\/\/niort-tt.fr\/wp-content\/uploads\/2022\/03\/Stage-hiver-2022-1-300x225.jpg 300w, https:\/\/niort-tt.fr\/wp-content\/uploads\/2022\/03\/Stage-hiver-2022-1-1024x768.jpg 1024w, https:\/\/niort-tt.fr\/wp-content\/uploads\/2022\/03\/Stage-hiver-2022-1-768x576.jpg 768w, https:\/\/niort-tt.fr\/wp-content\/uploads\/2022\/03\/Stage-hiver-2022-1-1536x1152.jpg 1536w, https:\/\/niort-tt.fr\/wp-content\/uploads\/2022\/03\/Stage-hiver-2022-1-2048x1536.jpg 2048w\" sizes=\"(max-width: 300px) 100vw, 300px\" \/><\/div>\n","protected":false},"excerpt":{"rendered":"<p>\ud835\udc12\ud835\udc2d\ud835\udc1a\ud835\udc20\ud835\udc1e \ud835\udc1d\ud835\udc1e \ud835\udc1f\u00e9\ud835\udc2f\ud835\udc2b\ud835\udc22\ud835\udc1e\ud835\udc2b Du 21 au 25 f\u00e9vrier, Niort TT a organis\u00e9 un stage de perfectionnement pour les licenci\u00e9s du club. Pr\u00e8s de 30 jeunes ont particip\u00e9 sur une ou plusieurs journ\u00e9es, encadr\u00e9s par Alin et Nicolas, les deux entraineurs professionnels du club. Merci \u00e0 Philippe Arcourt (co-pr\u00e9sident Niort TT) et \u00e0 Nicolas Baron pour [&hellip;]<\/p>\n","protected":false},"author":1,"featured_media":0,"comment_status":"closed","ping_status":"closed","sticky":true,"template":"","format":"standard","meta":{"_uag_custom_page_level_css":"","site-sidebar-layout":"default","site-content-layout":"","ast-site-content-layout":"default","site-content-style":"default","site-sidebar-style":"default","ast-global-header-display":"","ast-banner-title-visibility":"","ast-main-header-display":"","ast-hfb-above-header-display":"","ast-hfb-below-header-display":"","ast-hfb-mobile-header-display":"","site-post-title":"","ast-breadcrumbs-content":"","ast-featured-img":"","footer-sml-layout":"","ast-disable-related-posts":"","theme-transparent-header-meta":"","adv-header-id-meta":"","stick-header-meta":"","header-above-stick-meta":"","header-main-stick-meta":"","header-below-stick-meta":"","astra-migrate-meta-layouts":"default","ast-page-background-enabled":"default","ast-page-background-meta":{"desktop":{"background-color":"var(--ast-global-color-5)","background-image":"","background-repeat":"repeat","background-position":"center center","background-size":"auto","background-attachment":"scroll","background-type":"","background-media":"","overlay-type":"","overlay-color":"","overlay-opacity":"","overlay-gradient":""},"tablet":{"background-color":"","background-image":"","background-repeat":"repeat","background-position":"center center","background-size":"auto","background-attachment":"scroll","background-type":"","background-media":"","overlay-type":"","overlay-color":"","overlay-opacity":"","overlay-gradient":""},"mobile":{"background-color":"","background-image":"","background-repeat":"repeat","background-position":"center center","background-size":"auto","background-attachment":"scroll","background-type":"","background-media":"","overlay-type":"","overlay-color":"","overlay-opacity":"","overlay-gradient":""}},"ast-content-background-meta":{"desktop":{"background-color":"var(--ast-global-color-4)","background-image":"","background-repeat":"repeat","background-position":"center center","background-size":"auto","background-attachment":"scroll","background-type":"","background-media":"","overlay-type":"","overlay-color":"","overlay-opacity":"","overlay-gradient":""},"tablet":{"background-color":"var(--ast-global-color-4)","background-image":"","background-repeat":"repeat","background-position":"center center","background-size":"auto","background-attachment":"scroll","background-type":"","background-media":"","overlay-type":"","overlay-color":"","overlay-opacity":"","overlay-gradient":""},"mobile":{"background-color":"var(--ast-global-color-4)","background-image":"","background-repeat":"repeat","background-position":"center center","background-size":"auto","background-attachment":"scroll","background-type":"","background-media":"","overlay-type":"","overlay-color":"","overlay-opacity":"","overlay-gradient":""}},"_themeisle_gutenberg_block_has_review":false,"footnotes":""},"categories":[1],"tags":[],"class_list":["post-1104","post","type-post","status-publish","format-standard","hentry","category-non-classe"],"uagb_featured_image_src":{"full":false,"thumbnail":false,"medium":false,"medium_large":false,"large":false,"1536x1536":false,"2048x2048":false},"uagb_author_info":{"display_name":"anthony.couraud","author_link":"https:\/\/niort-tt.fr\/index.php\/author\/anthony-couraud\/"},"uagb_comment_info":0,"uagb_excerpt":"\ud835\udc12\ud835\udc2d\ud835\udc1a\ud835\udc20\ud835\udc1e \ud835\udc1d\ud835\udc1e \ud835\udc1f\u00e9\ud835\udc2f\ud835\udc2b\ud835\udc22\ud835\udc1e\ud835\udc2b Du 21 au 25 f\u00e9vrier, Niort TT a organis\u00e9 un stage de perfectionnement pour les licenci\u00e9s du club. Pr\u00e8s de 30 jeunes ont particip\u00e9 sur une ou plusieurs journ\u00e9es, encadr\u00e9s par Alin et Nicolas, les deux entraineurs professionnels du club. Merci \u00e0 Philippe Arcourt (co-pr\u00e9sident Niort TT) et \u00e0 Nicolas Baron pour\u2026","_links":{"self":[{"href":"https:\/\/niort-tt.fr\/index.php\/wp-json\/wp\/v2\/posts\/1104","targetHints":{"allow":["GET"]}}],"collection":[{"href":"https:\/\/niort-tt.fr\/index.php\/wp-json\/wp\/v2\/posts"}],"about":[{"href":"https:\/\/niort-tt.fr\/index.php\/wp-json\/wp\/v2\/types\/post"}],"author":[{"embeddable":true,"href":"https:\/\/niort-tt.fr\/index.php\/wp-json\/wp\/v2\/users\/1"}],"replies":[{"embeddable":true,"href":"https:\/\/niort-tt.fr\/index.php\/wp-json\/wp\/v2\/comments?post=1104"}],"version-history":[{"count":4,"href":"https:\/\/niort-tt.fr\/index.php\/wp-json\/wp\/v2\/posts\/1104\/revisions"}],"predecessor-version":[{"id":1121,"href":"https:\/\/niort-tt.fr\/index.php\/wp-json\/wp\/v2\/posts\/1104\/revisions\/1121"}],"wp:attachment":[{"href":"https:\/\/niort-tt.fr\/index.php\/wp-json\/wp\/v2\/media?parent=1104"}],"wp:term":[{"taxonomy":"category","embeddable":true,"href":"https:\/\/niort-tt.fr\/index.php\/wp-json\/wp\/v2\/categories?post=1104"},{"taxonomy":"post_tag","embeddable":true,"href":"https:\/\/niort-tt.fr\/index.php\/wp-json\/wp\/v2\/tags?post=1104"}],"curies":[{"name":"wp","href":"https:\/\/api.w.org\/{rel}","templated":true}]}}